{"id":1183,"date":"2021-08-30T13:59:50","date_gmt":"2021-08-30T11:59:50","guid":{"rendered":"https:\/\/rafoldesalem.websaccesibles.eu\/consulta-ciudadana-festividades-locales-2023\/"},"modified":"2022-11-10T15:55:23","modified_gmt":"2022-11-10T14:55:23","slug":"consulta-ciudadana-festividades-locales-2023","status":"publish","type":"post","link":"https:\/\/rafoldesalem.es\/es\/consulta-ciudadana-festividades-locales-2023\/","title":{"rendered":"Consulta Ciudadana (Festividades locales 2023)"},"content":{"rendered":"\n<p>Com cada any l&#8217;Ajuntament del R\u00e0fol ha d\u2019aprovar dues festivitats locals per al 2023. El 17 d\u2019abril (festivitat Sant Vicent Ferrer) \u00e9s la data elegida per nosaltres. Per a l\u2019altra festivitat, volem fer part\u00edcips a la ciutadania, per tant, us deixem quatre opcions per a elegir. Podran votar persones majors de 16 anys i empadronades. L&#8217;enquesta queda oberta a partir de hui fins al 9 de Setembre a les 23.59 hores.    <\/p>\n\n<p>Pod\u00e9is hacer la encuesta a trav\u00e9s del siguiente enlace: <a href=\"https:\/\/docs.google.com\/forms\/d\/e\/1FAIpQLSfMqJU58-nDTj54mabX1uf6nXProsmA0Du-jZL5jWtCWGhHHA\/viewform?usp=sf_link&amp;nbsp\">https:\/\/docs.google.com\/forms\/d\/e\/1FAIpQLSfMqJU58-nDTj54mabX1uf6nXProsm\u2026<\/a>;<\/p>\n\n<p>Tambi\u00e9n estar\u00e1 disponible en las oficinas del Ayuntamiento para las personas que no pod\u00e9is hacerla telem\u00e1ticamente!<\/p>\n\n<p>Adjuntamos documento firmado electr\u00f3nicamente con las instrucciones por la realizaci\u00f3n.<\/p>\n\n<p><a href=\"https:\/\/rafoldesalem.es\/sites\/www.rafoldesalem.es\/files\/BANDO.pdf\">BANDO.pdf<\/a><\/p>\n","protected":false},"excerpt":{"rendered":"<p>Com cada any l&#8217;Ajuntament del R\u00e0fol ha d\u2019aprovar dues festivitats locals per al 2023. El 17 d\u2019abril (festivitat Sant Vicent Ferrer) \u00e9s la data elegida per nosaltres. Per a l\u2019altra festivitat, volem fer part\u00edcips a la ciutadania, per tant, us deixem quatre opcions per a elegir. Podran votar persones majors de 16 anys i empadronades. [&hellip;]<\/p>\n","protected":false},"author":1,"featured_media":189,"comment_status":"closed","ping_status":"closed","sticky":false,"template":"","format":"standard","meta":{"footnotes":""},"categories":[4],"tags":[],"class_list":["post-1183","post","type-post","status-publish","format-standard","has-post-thumbnail","hentry","category-noticias","has-post-title","has-post-date","has-post-category","has-post-tag","has-post-comment","has-post-author",""],"builder_content":"","_links":{"self":[{"href":"https:\/\/rafoldesalem.es\/es\/wp-json\/wp\/v2\/posts\/1183","targetHints":{"allow":["GET"]}}],"collection":[{"href":"https:\/\/rafoldesalem.es\/es\/wp-json\/wp\/v2\/posts"}],"about":[{"href":"https:\/\/rafoldesalem.es\/es\/wp-json\/wp\/v2\/types\/post"}],"author":[{"embeddable":true,"href":"https:\/\/rafoldesalem.es\/es\/wp-json\/wp\/v2\/users\/1"}],"replies":[{"embeddable":true,"href":"https:\/\/rafoldesalem.es\/es\/wp-json\/wp\/v2\/comments?post=1183"}],"version-history":[{"count":1,"href":"https:\/\/rafoldesalem.es\/es\/wp-json\/wp\/v2\/posts\/1183\/revisions"}],"predecessor-version":[{"id":1184,"href":"https:\/\/rafoldesalem.es\/es\/wp-json\/wp\/v2\/posts\/1183\/revisions\/1184"}],"wp:featuredmedia":[{"embeddable":true,"href":"https:\/\/rafoldesalem.es\/es\/wp-json\/wp\/v2\/media\/189"}],"wp:attachment":[{"href":"https:\/\/rafoldesalem.es\/es\/wp-json\/wp\/v2\/media?parent=1183"}],"wp:term":[{"taxonomy":"category","embeddable":true,"href":"https:\/\/rafoldesalem.es\/es\/wp-json\/wp\/v2\/categories?post=1183"},{"taxonomy":"post_tag","embeddable":true,"href":"https:\/\/rafoldesalem.es\/es\/wp-json\/wp\/v2\/tags?post=1183"}],"curies":[{"name":"wp","href":"https:\/\/api.w.org\/{rel}","templated":true}]}}