{"id":1187,"date":"2022-08-24T23:25:00","date_gmt":"2022-08-24T21:25:00","guid":{"rendered":"https:\/\/rafoldesalem.websaccesibles.eu\/programa-emerge-2022-2023\/"},"modified":"2022-11-17T14:54:40","modified_gmt":"2022-11-17T13:54:40","slug":"programa-emerge-2022-2023","status":"publish","type":"post","link":"https:\/\/rafoldesalem.es\/es\/programa-emerge-2022-2023\/","title":{"rendered":"Programa EMERGE 2022-2023"},"content":{"rendered":"\n<p>El Servicio Valenciano de Ocupaci\u00f3n y Formaci\u00f3n (LABORA) ha concedido en el Ayuntamiento de R\u00e1fol de Salem una subvenci\u00f3n por importe de 66.139,75 euros, destinados a la contrataci\u00f3n de personas desocupadas por corporaciones locales de la Comunidad Valenciana, para la realizaci\u00f3n de acciones previstas en planes o procedimiento de emergencia en el \u00e1mbito forestal. <\/p>\n\n\n\n<p>Se ha procedido a realizar el acta de baremaci\u00f3n tanto de los peones forestales como del capataz, adjuntamos pdf. con los resultados obtenidos. <\/p>\n\n\n\n<p><a href=\"https:\/\/rafoldesalem.es\/sites\/www.rafoldesalem.es\/files\/Acta%20Caporal%20Forestal.pdf\" target=\"_blank\" rel=\"noreferrer noopener\">Acta Caporal Forestal.pdf<\/a><\/p>\n\n\n\n<p><a href=\"https:\/\/rafoldesalem.es\/sites\/www.rafoldesalem.es\/files\/Acta%20Pe%C3%B3%20Forestal.pdf\" target=\"_blank\" rel=\"noreferrer noopener\">Acta Pe\u00f3 Forestal.pdf<\/a><\/p>\n\n\n\n<p><a href=\"https:\/\/rafoldesalem.es\/sites\/www.rafoldesalem.es\/files\/OFERTA%20EMERGE%202022.pdf\" target=\"_blank\" rel=\"noreferrer noopener\">OFERTA EMERGE 2022.pdf<\/a><\/p>\n\n\n<!-- wp:themify-builder\/canvas \/-->","protected":false},"excerpt":{"rendered":"<p>El Servicio Valenciano de Ocupaci\u00f3n y Formaci\u00f3n (LABORA) ha concedido en el Ayuntamiento de R\u00e1fol de Salem una subvenci\u00f3n por importe de 66.139,75 euros, destinados a la contrataci\u00f3n de personas desocupadas por corporaciones locales de la Comunidad Valenciana, para la realizaci\u00f3n de acciones previstas en planes o procedimiento de emergencia en el \u00e1mbito forestal. Se [&hellip;]<\/p>\n","protected":false},"author":1,"featured_media":1369,"comment_status":"closed","ping_status":"closed","sticky":false,"template":"","format":"standard","meta":{"footnotes":""},"categories":[4],"tags":[],"class_list":["post-1187","post","type-post","status-publish","format-standard","has-post-thumbnail","hentry","category-noticias","has-post-title","has-post-date","has-post-category","has-post-tag","has-post-comment","has-post-author",""],"builder_content":"","_links":{"self":[{"href":"https:\/\/rafoldesalem.es\/es\/wp-json\/wp\/v2\/posts\/1187","targetHints":{"allow":["GET"]}}],"collection":[{"href":"https:\/\/rafoldesalem.es\/es\/wp-json\/wp\/v2\/posts"}],"about":[{"href":"https:\/\/rafoldesalem.es\/es\/wp-json\/wp\/v2\/types\/post"}],"author":[{"embeddable":true,"href":"https:\/\/rafoldesalem.es\/es\/wp-json\/wp\/v2\/users\/1"}],"replies":[{"embeddable":true,"href":"https:\/\/rafoldesalem.es\/es\/wp-json\/wp\/v2\/comments?post=1187"}],"version-history":[{"count":4,"href":"https:\/\/rafoldesalem.es\/es\/wp-json\/wp\/v2\/posts\/1187\/revisions"}],"predecessor-version":[{"id":2132,"href":"https:\/\/rafoldesalem.es\/es\/wp-json\/wp\/v2\/posts\/1187\/revisions\/2132"}],"wp:featuredmedia":[{"embeddable":true,"href":"https:\/\/rafoldesalem.es\/es\/wp-json\/wp\/v2\/media\/1369"}],"wp:attachment":[{"href":"https:\/\/rafoldesalem.es\/es\/wp-json\/wp\/v2\/media?parent=1187"}],"wp:term":[{"taxonomy":"category","embeddable":true,"href":"https:\/\/rafoldesalem.es\/es\/wp-json\/wp\/v2\/categories?post=1187"},{"taxonomy":"post_tag","embeddable":true,"href":"https:\/\/rafoldesalem.es\/es\/wp-json\/wp\/v2\/tags?post=1187"}],"curies":[{"name":"wp","href":"https:\/\/api.w.org\/{rel}","templated":true}]}}