{"id":1198,"date":"2022-07-18T23:32:00","date_gmt":"2022-07-18T21:32:00","guid":{"rendered":"https:\/\/rafoldesalem.websaccesibles.eu\/programa-emdona-2022-2023\/"},"modified":"2022-11-17T15:04:02","modified_gmt":"2022-11-17T14:04:02","slug":"programa-emdona-2022-2023","status":"publish","type":"post","link":"https:\/\/rafoldesalem.es\/es\/programa-emdona-2022-2023\/","title":{"rendered":"Programa EMDONA &#8211; 2022\/2023"},"content":{"rendered":"\n<p>El Servicio Valenciano de Ocupaci\u00f3n y Formaci\u00f3n (LABORA) ha concedido en el Ayuntamiento de R\u00e1fol de Salem subvenci\u00f3n por importe de 46.110,90 euros destinados a la contrataci\u00f3n de mujeres desocupadas por la realizaci\u00f3n de tareas de mantenimiento, limpieza y adecuaci\u00f3n de jardines municipales y para la realizaci\u00f3n de tareas de mantenimiento del archivo municipal y espaldarazo en tareas administrativas y culturales.<\/p>\n\n\n\n<p>Se ha procedido a realizar las actas de baremaci\u00f3n para la contrataci\u00f3n de dos mujeres para el mantenimiento, limpieza y adecuaci\u00f3n de jardines municipales y de una mujer para la realizaci\u00f3n de tareas de mantenimiento de archivo municipal y espaldarazo en tareas administrativas y culturales, adjuntamos el PDF con los resultados obtenidos.<\/p>\n\n\n\n<p><a href=\"https:\/\/rafoldesalem.es\/sites\/www.rafoldesalem.es\/files\/OFERTA%20EMDONA%20.pdf\" target=\"_blank\" rel=\"noreferrer noopener\">OFERTA EMDONA .pdf<\/a><\/p>\n\n\n\n<p><a href=\"https:\/\/rafoldesalem.es\/sites\/www.rafoldesalem.es\/files\/ACTA%20BAREMACI%C3%93%20EMDONA%20PEON%20AGRICOLA.pdf\" target=\"_blank\" rel=\"noreferrer noopener\">ACTA BAREMACI\u00d3 EMDONA PEON AGRICOLA.pdf<\/a><\/p>\n\n\n\n<p><a href=\"https:\/\/rafoldesalem.es\/sites\/www.rafoldesalem.es\/files\/ACTA%20BAREMACI%C3%93%20EMDONA%20ARXIVERA.pdf\" target=\"_blank\" rel=\"noreferrer noopener\">ACTA BAREMACI\u00d3 EMDONA ARXIVERA.pdf<\/a><\/p>\n\n\n<!-- wp:themify-builder\/canvas \/-->","protected":false},"excerpt":{"rendered":"<p>El Servicio Valenciano de Ocupaci\u00f3n y Formaci\u00f3n (LABORA) ha concedido en el Ayuntamiento de R\u00e1fol de Salem subvenci\u00f3n por importe de 46.110,90 euros destinados a la contrataci\u00f3n de mujeres desocupadas por la realizaci\u00f3n de tareas de mantenimiento, limpieza y adecuaci\u00f3n de jardines municipales y para la realizaci\u00f3n de tareas de mantenimiento del archivo municipal y [&hellip;]<\/p>\n","protected":false},"author":1,"featured_media":1369,"comment_status":"closed","ping_status":"closed","sticky":false,"template":"","format":"standard","meta":{"footnotes":""},"categories":[4],"tags":[],"class_list":["post-1198","post","type-post","status-publish","format-standard","has-post-thumbnail","hentry","category-noticias","has-post-title","has-post-date","has-post-category","has-post-tag","has-post-comment","has-post-author",""],"builder_content":"","_links":{"self":[{"href":"https:\/\/rafoldesalem.es\/es\/wp-json\/wp\/v2\/posts\/1198","targetHints":{"allow":["GET"]}}],"collection":[{"href":"https:\/\/rafoldesalem.es\/es\/wp-json\/wp\/v2\/posts"}],"about":[{"href":"https:\/\/rafoldesalem.es\/es\/wp-json\/wp\/v2\/types\/post"}],"author":[{"embeddable":true,"href":"https:\/\/rafoldesalem.es\/es\/wp-json\/wp\/v2\/users\/1"}],"replies":[{"embeddable":true,"href":"https:\/\/rafoldesalem.es\/es\/wp-json\/wp\/v2\/comments?post=1198"}],"version-history":[{"count":4,"href":"https:\/\/rafoldesalem.es\/es\/wp-json\/wp\/v2\/posts\/1198\/revisions"}],"predecessor-version":[{"id":2146,"href":"https:\/\/rafoldesalem.es\/es\/wp-json\/wp\/v2\/posts\/1198\/revisions\/2146"}],"wp:featuredmedia":[{"embeddable":true,"href":"https:\/\/rafoldesalem.es\/es\/wp-json\/wp\/v2\/media\/1369"}],"wp:attachment":[{"href":"https:\/\/rafoldesalem.es\/es\/wp-json\/wp\/v2\/media?parent=1198"}],"wp:term":[{"taxonomy":"category","embeddable":true,"href":"https:\/\/rafoldesalem.es\/es\/wp-json\/wp\/v2\/categories?post=1198"},{"taxonomy":"post_tag","embeddable":true,"href":"https:\/\/rafoldesalem.es\/es\/wp-json\/wp\/v2\/tags?post=1198"}],"curies":[{"name":"wp","href":"https:\/\/api.w.org\/{rel}","templated":true}]}}