{"id":1214,"date":"2022-03-30T13:49:00","date_gmt":"2022-03-30T11:49:00","guid":{"rendered":"https:\/\/rafoldesalem.websaccesibles.eu\/concesion-subvencion-reacciona-2021-para-la-mejora-del-ciclo-integral-del-agua\/"},"modified":"2022-11-11T13:34:51","modified_gmt":"2022-11-11T12:34:51","slug":"concesion-subvencion-reacciona-2021-para-la-mejora-del-ciclo-integral-del-agua","status":"publish","type":"post","link":"https:\/\/rafoldesalem.es\/es\/concesion-subvencion-reacciona-2021-para-la-mejora-del-ciclo-integral-del-agua\/","title":{"rendered":"Concesi\u00f3n subvenci\u00f3n Reacciona 2021 para la mejora del ciclo integral del agua"},"content":{"rendered":"\n<p>El Ayuntamiento de R\u00e1fol de Salem ha recibido una subvenci\u00f3n de 99.927,25 \u20ac del \u00c1rea de Medio Ambiente de la Excelent\u00edsima Diputaci\u00f3n Provincial de Val\u00e8ncia a trav\u00e9s de la convocatoria REACCIONA 2021, para la mejora del ciclo integral del agua.<\/p>\n\n<p>Esta subvenci\u00f3n se utilizar\u00e1 para llevar a cabo el Proyecto de Implantaci\u00f3n de la Red Fija para la Telelectura del consumo de agua potable y la renovaci\u00f3n de la red de agua potable de la Avenida de La ermita y de la Calle Escuelas en R\u00e1fol de Salem<\/p>\n<!-- wp:themify-builder\/canvas \/-->","protected":false},"excerpt":{"rendered":"<p>El Ayuntamiento de R\u00e1fol de Salem ha recibido una subvenci\u00f3n de 99.927,25 \u20ac del \u00c1rea de Medio Ambiente de la Excelent\u00edsima Diputaci\u00f3n Provincial de Val\u00e8ncia a trav\u00e9s de la convocatoria REACCIONA 2021, para la mejora del ciclo integral del agua. Esta subvenci\u00f3n se utilizar\u00e1 para llevar a cabo el Proyecto de Implantaci\u00f3n de la Red [&hellip;]<\/p>\n","protected":false},"author":1,"featured_media":1380,"comment_status":"closed","ping_status":"closed","sticky":false,"template":"","format":"standard","meta":{"footnotes":""},"categories":[4],"tags":[],"class_list":["post-1214","post","type-post","status-publish","format-standard","has-post-thumbnail","hentry","category-noticias","has-post-title","has-post-date","has-post-category","has-post-tag","has-post-comment","has-post-author",""],"builder_content":"","_links":{"self":[{"href":"https:\/\/rafoldesalem.es\/es\/wp-json\/wp\/v2\/posts\/1214","targetHints":{"allow":["GET"]}}],"collection":[{"href":"https:\/\/rafoldesalem.es\/es\/wp-json\/wp\/v2\/posts"}],"about":[{"href":"https:\/\/rafoldesalem.es\/es\/wp-json\/wp\/v2\/types\/post"}],"author":[{"embeddable":true,"href":"https:\/\/rafoldesalem.es\/es\/wp-json\/wp\/v2\/users\/1"}],"replies":[{"embeddable":true,"href":"https:\/\/rafoldesalem.es\/es\/wp-json\/wp\/v2\/comments?post=1214"}],"version-history":[{"count":2,"href":"https:\/\/rafoldesalem.es\/es\/wp-json\/wp\/v2\/posts\/1214\/revisions"}],"predecessor-version":[{"id":1384,"href":"https:\/\/rafoldesalem.es\/es\/wp-json\/wp\/v2\/posts\/1214\/revisions\/1384"}],"wp:featuredmedia":[{"embeddable":true,"href":"https:\/\/rafoldesalem.es\/es\/wp-json\/wp\/v2\/media\/1380"}],"wp:attachment":[{"href":"https:\/\/rafoldesalem.es\/es\/wp-json\/wp\/v2\/media?parent=1214"}],"wp:term":[{"taxonomy":"category","embeddable":true,"href":"https:\/\/rafoldesalem.es\/es\/wp-json\/wp\/v2\/categories?post=1214"},{"taxonomy":"post_tag","embeddable":true,"href":"https:\/\/rafoldesalem.es\/es\/wp-json\/wp\/v2\/tags?post=1214"}],"curies":[{"name":"wp","href":"https:\/\/api.w.org\/{rel}","templated":true}]}}