{"id":1224,"date":"2021-11-24T14:17:00","date_gmt":"2021-11-24T13:17:00","guid":{"rendered":"https:\/\/rafoldesalem.websaccesibles.eu\/programa-empuju-2021-2022\/"},"modified":"2022-11-11T13:36:02","modified_gmt":"2022-11-11T12:36:02","slug":"programa-empuju-2021-2022","status":"publish","type":"post","link":"https:\/\/rafoldesalem.es\/es\/programa-empuju-2021-2022\/","title":{"rendered":"Programa EMPUJU 2021\/2022"},"content":{"rendered":"\n<p>El Servicio Valenciano de Ocupaci\u00f3n y Formaci\u00f3n (LABORA) ha concedido en el Ayuntamiento de R\u00e1fol de Salem subvenci\u00f3n por importe de 31.812,56 euros destinados a la contrataci\u00f3n de personas desempleadas menores de 30 a\u00f1os, por la realizaci\u00f3n de tareas administrativas.<\/p>\n\n<p>Se ha procedido a realizar el acta de baremaci\u00f3n para la contrataci\u00f3n de una persona, adjuntamos pdf. con los resultados obtenidos. <\/p>\n\n<figure class=\"wp-block-image size-large\"><img loading=\"lazy\" decoding=\"async\" width=\"724\" height=\"1024\" src=\"https:\/\/rafoldesalem.es\/wp-content\/uploads\/2022\/11\/bando-empuju-724x1024.jpeg\" alt=\"\" class=\"wp-image-680\" srcset=\"https:\/\/rafoldesalem.es\/wp-content\/uploads\/2022\/11\/bando-empuju-724x1024.jpeg 724w, https:\/\/rafoldesalem.es\/wp-content\/uploads\/2022\/11\/bando-empuju-212x300.jpeg 212w, https:\/\/rafoldesalem.es\/wp-content\/uploads\/2022\/11\/bando-empuju-768x1086.jpeg 768w, https:\/\/rafoldesalem.es\/wp-content\/uploads\/2022\/11\/bando-empuju-1086x1536.jpeg 1086w, https:\/\/rafoldesalem.es\/wp-content\/uploads\/2022\/11\/bando-empuju.jpeg 1131w\" sizes=\"auto, (max-width: 724px) 100vw, 724px\" \/><\/figure>\n\n<p><a href=\"https:\/\/rafoldesalem.es\/sites\/www.rafoldesalem.es\/files\/Bases%20Empuju.pdf\">Bases Empuju.pdf<\/a><\/p>\n\n<p><a href=\"https:\/\/rafoldesalem.es\/sites\/www.rafoldesalem.es\/files\/ACTA%20DE%20SELECCI%C3%93-%20EMPUJU.pdf\">ACTA DE SELECCI\u00d3- EMPUJU.pdf<\/a><\/p>\n\n<p><a href=\"https:\/\/rafoldesalem.es\/sites\/www.rafoldesalem.es\/files\/Cartel%20FSE%20ayudas%20EMPUJU%202021.pdf\">Cartel FSE ayudas EMPUJU 2021.pdf<\/a><\/p>\n<!-- wp:themify-builder\/canvas \/-->","protected":false},"excerpt":{"rendered":"<p>El Servicio Valenciano de Ocupaci\u00f3n y Formaci\u00f3n (LABORA) ha concedido en el Ayuntamiento de R\u00e1fol de Salem subvenci\u00f3n por importe de 31.812,56 euros destinados a la contrataci\u00f3n de personas desempleadas menores de 30 a\u00f1os, por la realizaci\u00f3n de tareas administrativas. Se ha procedido a realizar el acta de baremaci\u00f3n para la contrataci\u00f3n de una persona, [&hellip;]<\/p>\n","protected":false},"author":1,"featured_media":1369,"comment_status":"closed","ping_status":"closed","sticky":false,"template":"","format":"standard","meta":{"footnotes":""},"categories":[4],"tags":[],"class_list":["post-1224","post","type-post","status-publish","format-standard","has-post-thumbnail","hentry","category-noticias","has-post-title","has-post-date","has-post-category","has-post-tag","has-post-comment","has-post-author",""],"builder_content":"","_links":{"self":[{"href":"https:\/\/rafoldesalem.es\/es\/wp-json\/wp\/v2\/posts\/1224","targetHints":{"allow":["GET"]}}],"collection":[{"href":"https:\/\/rafoldesalem.es\/es\/wp-json\/wp\/v2\/posts"}],"about":[{"href":"https:\/\/rafoldesalem.es\/es\/wp-json\/wp\/v2\/types\/post"}],"author":[{"embeddable":true,"href":"https:\/\/rafoldesalem.es\/es\/wp-json\/wp\/v2\/users\/1"}],"replies":[{"embeddable":true,"href":"https:\/\/rafoldesalem.es\/es\/wp-json\/wp\/v2\/comments?post=1224"}],"version-history":[{"count":2,"href":"https:\/\/rafoldesalem.es\/es\/wp-json\/wp\/v2\/posts\/1224\/revisions"}],"predecessor-version":[{"id":1390,"href":"https:\/\/rafoldesalem.es\/es\/wp-json\/wp\/v2\/posts\/1224\/revisions\/1390"}],"wp:featuredmedia":[{"embeddable":true,"href":"https:\/\/rafoldesalem.es\/es\/wp-json\/wp\/v2\/media\/1369"}],"wp:attachment":[{"href":"https:\/\/rafoldesalem.es\/es\/wp-json\/wp\/v2\/media?parent=1224"}],"wp:term":[{"taxonomy":"category","embeddable":true,"href":"https:\/\/rafoldesalem.es\/es\/wp-json\/wp\/v2\/categories?post=1224"},{"taxonomy":"post_tag","embeddable":true,"href":"https:\/\/rafoldesalem.es\/es\/wp-json\/wp\/v2\/tags?post=1224"}],"curies":[{"name":"wp","href":"https:\/\/api.w.org\/{rel}","templated":true}]}}