{"id":1241,"date":"2021-09-01T17:29:00","date_gmt":"2021-09-01T15:29:00","guid":{"rendered":"https:\/\/rafoldesalem.websaccesibles.eu\/resultados-votaciones-festividades-locales-2022\/"},"modified":"2022-11-11T00:06:52","modified_gmt":"2022-11-10T23:06:52","slug":"resultados-votaciones-festividades-locales-2022","status":"publish","type":"post","link":"https:\/\/rafoldesalem.es\/es\/resultados-votaciones-festividades-locales-2022\/","title":{"rendered":"Resultados votaciones festividades locales 2022"},"content":{"rendered":"\n<p>El Ayuntamiento del *R\u00e0fol ha realizado una consulta p\u00fablica a la ciudadan\u00eda porque esta dar\u00e1 su opini\u00f3n popular, de cuando consideran que ser\u00eda la mejor fecha por la celebraci\u00f3n de las Festividades Locales del municipio para el 2022.<\/p>\n\n<p>La Encuesta se realiz\u00f3 entre el 16 y 31 de agosto, han participado vecinos y vecinas del *R\u00e0fol todos mayores de 16 a\u00f1os, han votado un total de 38 personas.<\/p>\n\n<p>La pregunta:<\/p>\n\n<p>CUANDO PREFIERE COMO FESTIVIDADES LOCALES QUE, CON CAR\u00c1CTER RETRIBUIDO Y NO RECUPERABLE Y POR SU CAR\u00c1CTER TRADICIONAL, TENDR\u00c1N QUE CELEBRARSE DURANTE El A\u00d1O 2022?<\/p>\n\n<p>a) 25 de Abril (San Vicente) y 18 de Marzo (Pont de fallas)<\/p>\n\n<p>b) 25 de Abril (San Vicente) y 31 de Octubre (puente de Todos el Sants)<\/p>\n\n<p>c) 25 de Abril (San Vicente) y 9 de Diciembre (puente de la Constituci\u00f3n)<\/p>\n\n<p>d) 25 de Abril (San Vicente) y 26 de Diciembre (2\u00b0 d\u00eda de Navidad)<\/p>\n\n<p>Resultado de las votaciones;<\/p>\n\n<p>a) 25 de Abril (San Vicente) y 18 de Marzo (Pont de fallas) 18,40%<\/p>\n\n<p>b) 25 de Abril (San Vicente) y 31 de Octubre (puente de Todos el Sants) 39,50%<\/p>\n\n<p>c) 25 de Abril (San Vicente) y 9 de Diciembre (puente de la Constituci\u00f3n) 21,10%<\/p>\n\n<p>d) 25 de Abril (San Vicente) y 26 de Diciembre (2\u00b0 d\u00eda de Navidad) 21,10%<\/p>\n\n<p>Este resultado se llevar\u00e1 a la pr\u00f3xima sesi\u00f3n del pleno para su aprobaci\u00f3n!<\/p>\n\n<p>Adjuntamos documento oficial firmado electr\u00f3nicamente por la Alcaldesa.<\/p>\n\n<p><a href=\"https:\/\/rafoldesalem.es\/sites\/www.rafoldesalem.es\/files\/RESOLUCI%C3%93%20D%27ALCALDIA%20%28resultado%20consulta%29%5D.pdf\">RESOLUCI\u00d3 D&#8217;ALCALDIA (resultado consulta)].pdf<\/a><\/p>\n","protected":false},"excerpt":{"rendered":"<p>El Ayuntamiento del *R\u00e0fol ha realizado una consulta p\u00fablica a la ciudadan\u00eda porque esta dar\u00e1 su opini\u00f3n popular, de cuando consideran que ser\u00eda la mejor fecha por la celebraci\u00f3n de las Festividades Locales del municipio para el 2022. La Encuesta se realiz\u00f3 entre el 16 y 31 de agosto, han participado vecinos y vecinas del [&hellip;]<\/p>\n","protected":false},"author":1,"featured_media":0,"comment_status":"closed","ping_status":"closed","sticky":false,"template":"","format":"standard","meta":{"footnotes":""},"categories":[4],"tags":[],"class_list":["post-1241","post","type-post","status-publish","format-standard","hentry","category-noticias","has-post-title","has-post-date","has-post-category","has-post-tag","has-post-comment","has-post-author",""],"builder_content":"","_links":{"self":[{"href":"https:\/\/rafoldesalem.es\/es\/wp-json\/wp\/v2\/posts\/1241","targetHints":{"allow":["GET"]}}],"collection":[{"href":"https:\/\/rafoldesalem.es\/es\/wp-json\/wp\/v2\/posts"}],"about":[{"href":"https:\/\/rafoldesalem.es\/es\/wp-json\/wp\/v2\/types\/post"}],"author":[{"embeddable":true,"href":"https:\/\/rafoldesalem.es\/es\/wp-json\/wp\/v2\/users\/1"}],"replies":[{"embeddable":true,"href":"https:\/\/rafoldesalem.es\/es\/wp-json\/wp\/v2\/comments?post=1241"}],"version-history":[{"count":1,"href":"https:\/\/rafoldesalem.es\/es\/wp-json\/wp\/v2\/posts\/1241\/revisions"}],"predecessor-version":[{"id":1242,"href":"https:\/\/rafoldesalem.es\/es\/wp-json\/wp\/v2\/posts\/1241\/revisions\/1242"}],"wp:attachment":[{"href":"https:\/\/rafoldesalem.es\/es\/wp-json\/wp\/v2\/media?parent=1241"}],"wp:term":[{"taxonomy":"category","embeddable":true,"href":"https:\/\/rafoldesalem.es\/es\/wp-json\/wp\/v2\/categories?post=1241"},{"taxonomy":"post_tag","embeddable":true,"href":"https:\/\/rafoldesalem.es\/es\/wp-json\/wp\/v2\/tags?post=1241"}],"curies":[{"name":"wp","href":"https:\/\/api.w.org\/{rel}","templated":true}]}}