{"id":1413,"date":"2022-09-23T13:22:00","date_gmt":"2022-09-23T11:22:00","guid":{"rendered":"https:\/\/rafoldesalem.websaccesibles.eu\/programa-explus-2022-2023\/"},"modified":"2022-11-17T15:02:53","modified_gmt":"2022-11-17T14:02:53","slug":"programa-explus-2022-2023","status":"publish","type":"post","link":"https:\/\/rafoldesalem.es\/es\/programa-explus-2022-2023\/","title":{"rendered":"Programa EXPLUS 2022-2023"},"content":{"rendered":"\n<p>El Servicio Valenciano de Ocupaci\u00f3n y Formaci\u00f3n (LABORA) ha concedido al Ayuntamiento de R\u00e0fol de Salem una subvenci\u00f3n por importe de 28.342,23 euros destinados a la contrataci\u00f3n de personas desempleadas de al menos 30 a\u00f1os, por la realizaci\u00f3n del trabajo del obrero oficial de 2\u00aa.<\/p>\n\n\n\n<p>Se ha procedido a realizar el acta de baremaci\u00f3n para el puesto de trabajo. Adjuntamos pdf con los resultados obtenidos <\/p>\n\n\n\n<p><a href=\"https:\/\/rafoldesalem.es\/sites\/www.rafoldesalem.es\/files\/users\/user181\/Acta%20alba%C3%B1il.pdf\" target=\"_blank\" rel=\"noreferrer noopener\">Acta alba\u00f1il.pdf<\/a><\/p>\n\n\n<!-- wp:themify-builder\/canvas \/-->","protected":false},"excerpt":{"rendered":"<p>El Servicio Valenciano de Ocupaci\u00f3n y Formaci\u00f3n (LABORA) ha concedido al Ayuntamiento de R\u00e0fol de Salem una subvenci\u00f3n por importe de 28.342,23 euros destinados a la contrataci\u00f3n de personas desempleadas de al menos 30 a\u00f1os, por la realizaci\u00f3n del trabajo del obrero oficial de 2\u00aa. Se ha procedido a realizar el acta de baremaci\u00f3n para [&hellip;]<\/p>\n","protected":false},"author":1,"featured_media":1369,"comment_status":"closed","ping_status":"closed","sticky":false,"template":"","format":"standard","meta":{"footnotes":""},"categories":[4],"tags":[],"class_list":["post-1413","post","type-post","status-publish","format-standard","has-post-thumbnail","hentry","category-noticias","has-post-title","has-post-date","has-post-category","has-post-tag","has-post-comment","has-post-author",""],"builder_content":"","_links":{"self":[{"href":"https:\/\/rafoldesalem.es\/es\/wp-json\/wp\/v2\/posts\/1413","targetHints":{"allow":["GET"]}}],"collection":[{"href":"https:\/\/rafoldesalem.es\/es\/wp-json\/wp\/v2\/posts"}],"about":[{"href":"https:\/\/rafoldesalem.es\/es\/wp-json\/wp\/v2\/types\/post"}],"author":[{"embeddable":true,"href":"https:\/\/rafoldesalem.es\/es\/wp-json\/wp\/v2\/users\/1"}],"replies":[{"embeddable":true,"href":"https:\/\/rafoldesalem.es\/es\/wp-json\/wp\/v2\/comments?post=1413"}],"version-history":[{"count":3,"href":"https:\/\/rafoldesalem.es\/es\/wp-json\/wp\/v2\/posts\/1413\/revisions"}],"predecessor-version":[{"id":2144,"href":"https:\/\/rafoldesalem.es\/es\/wp-json\/wp\/v2\/posts\/1413\/revisions\/2144"}],"wp:featuredmedia":[{"embeddable":true,"href":"https:\/\/rafoldesalem.es\/es\/wp-json\/wp\/v2\/media\/1369"}],"wp:attachment":[{"href":"https:\/\/rafoldesalem.es\/es\/wp-json\/wp\/v2\/media?parent=1413"}],"wp:term":[{"taxonomy":"category","embeddable":true,"href":"https:\/\/rafoldesalem.es\/es\/wp-json\/wp\/v2\/categories?post=1413"},{"taxonomy":"post_tag","embeddable":true,"href":"https:\/\/rafoldesalem.es\/es\/wp-json\/wp\/v2\/tags?post=1413"}],"curies":[{"name":"wp","href":"https:\/\/api.w.org\/{rel}","templated":true}]}}