{"id":3527,"date":"2021-11-09T09:21:17","date_gmt":"2021-11-09T08:21:17","guid":{"rendered":"https:\/\/rafoldesalem.es\/concesion-subvencion-reacciona-2021-para-la-instalacion-de-energias-renovables-en-edificios-y-equipamientos-municipales\/"},"modified":"2023-03-09T09:32:47","modified_gmt":"2023-03-09T08:32:47","slug":"concesion-subvencion-reacciona-2021-para-la-instalacion-de-energias-renovables-en-edificios-y-equipamientos-municipales","status":"publish","type":"post","link":"https:\/\/rafoldesalem.es\/es\/concesion-subvencion-reacciona-2021-para-la-instalacion-de-energias-renovables-en-edificios-y-equipamientos-municipales\/","title":{"rendered":"Concesi\u00f3n Subvenci\u00f3n Reacciona 2021 para la instalaci\u00f3n de energ\u00edas renovables en edificios y equipamientos municipales"},"content":{"rendered":"\n<p>El Ayuntamiento de R\u00e0fol de Salem ha recibido una ayuda de 23.617,46 \u20ac de la Excelent\u00edsima Diputaci\u00f3n Provincial de Valencia Medio Ambiente para la instalaci\u00f3n de Energ\u00edas Renovables en edificios y equipamientos municipales 2021<\/p>\n<!-- wp:themify-builder\/canvas \/-->\n<p><\/p>\n","protected":false},"excerpt":{"rendered":"<p>El Ayuntamiento de R\u00e0fol de Salem ha recibido una ayuda de 23.617,46 \u20ac de la Excelent\u00edsima Diputaci\u00f3n Provincial de Valencia Medio Ambiente para la instalaci\u00f3n de Energ\u00edas Renovables en edificios y equipamientos municipales 2021<\/p>\n","protected":false},"author":50,"featured_media":3447,"comment_status":"closed","ping_status":"closed","sticky":false,"template":"","format":"standard","meta":{"footnotes":""},"categories":[4],"tags":[],"class_list":["post-3527","post","type-post","status-publish","format-standard","has-post-thumbnail","hentry","category-noticias","has-post-title","has-post-date","has-post-category","has-post-tag","has-post-comment","has-post-author",""],"builder_content":"","_links":{"self":[{"href":"https:\/\/rafoldesalem.es\/es\/wp-json\/wp\/v2\/posts\/3527","targetHints":{"allow":["GET"]}}],"collection":[{"href":"https:\/\/rafoldesalem.es\/es\/wp-json\/wp\/v2\/posts"}],"about":[{"href":"https:\/\/rafoldesalem.es\/es\/wp-json\/wp\/v2\/types\/post"}],"author":[{"embeddable":true,"href":"https:\/\/rafoldesalem.es\/es\/wp-json\/wp\/v2\/users\/50"}],"replies":[{"embeddable":true,"href":"https:\/\/rafoldesalem.es\/es\/wp-json\/wp\/v2\/comments?post=3527"}],"version-history":[{"count":1,"href":"https:\/\/rafoldesalem.es\/es\/wp-json\/wp\/v2\/posts\/3527\/revisions"}],"predecessor-version":[{"id":3528,"href":"https:\/\/rafoldesalem.es\/es\/wp-json\/wp\/v2\/posts\/3527\/revisions\/3528"}],"wp:featuredmedia":[{"embeddable":true,"href":"https:\/\/rafoldesalem.es\/es\/wp-json\/wp\/v2\/media\/3447"}],"wp:attachment":[{"href":"https:\/\/rafoldesalem.es\/es\/wp-json\/wp\/v2\/media?parent=3527"}],"wp:term":[{"taxonomy":"category","embeddable":true,"href":"https:\/\/rafoldesalem.es\/es\/wp-json\/wp\/v2\/categories?post=3527"},{"taxonomy":"post_tag","embeddable":true,"href":"https:\/\/rafoldesalem.es\/es\/wp-json\/wp\/v2\/tags?post=3527"}],"curies":[{"name":"wp","href":"https:\/\/api.w.org\/{rel}","templated":true}]}}