{"id":3695,"date":"2023-08-10T14:17:32","date_gmt":"2023-08-10T12:17:32","guid":{"rendered":"https:\/\/rafoldesalem.es\/?p=3695"},"modified":"2023-08-10T14:17:34","modified_gmt":"2023-08-10T12:17:34","slug":"actuar-para-prevenir","status":"publish","type":"post","link":"https:\/\/rafoldesalem.es\/es\/actuar-para-prevenir\/","title":{"rendered":"ACTUAR PARA PREVENIR"},"content":{"rendered":"<!-- wp:themify-builder\/canvas \/-->\n\n\n<p>La Conseller\u00eda de Agricultura, Desarrollo Rural, Emergencia clim\u00e1tica y Transici\u00f3n Ecol\u00f3gica ha concedido de manera directa subvenciones a los ayuntamientos que pertenecen al Fondo Estrat\u00e9gico Municipal de Prevenci\u00f3n de Incendios y Gesti\u00f3n Forestal de la Comunidad Valenciana.<\/p>\n\n\n\n<p>El objeto de estas ayudas es la ejecuci\u00f3n de las actuaciones previstas en la planificaci\u00f3n en materia de prevenci\u00f3n de incendios y de los instrumentos t\u00e9cnicos de gesti\u00f3n forestal.<\/p>\n\n\n\n<p>Esta entidad ser\u00e1 beneficiaria de un total de 11.973,38 \u20ac para cumplir con la base de la subvenci\u00f3n.<\/p>\n","protected":false},"excerpt":{"rendered":"<p>La Conseller\u00eda de Agricultura, Desarrollo Rural, Emergencia clim\u00e1tica y Transici\u00f3n Ecol\u00f3gica ha concedido de manera directa subvenciones a los ayuntamientos que pertenecen al Fondo Estrat\u00e9gico Municipal de Prevenci\u00f3n de Incendios y Gesti\u00f3n Forestal de la Comunidad Valenciana. El objeto de estas ayudas es la ejecuci\u00f3n de las actuaciones previstas en la planificaci\u00f3n en materia de [&hellip;]<\/p>\n","protected":false},"author":50,"featured_media":3693,"comment_status":"closed","ping_status":"closed","sticky":false,"template":"","format":"standard","meta":{"footnotes":""},"categories":[1],"tags":[],"class_list":["post-3695","post","type-post","status-publish","format-standard","has-post-thumbnail","hentry","category-noticies","has-post-title","has-post-date","has-post-category","has-post-tag","has-post-comment","has-post-author",""],"builder_content":"","_links":{"self":[{"href":"https:\/\/rafoldesalem.es\/es\/wp-json\/wp\/v2\/posts\/3695","targetHints":{"allow":["GET"]}}],"collection":[{"href":"https:\/\/rafoldesalem.es\/es\/wp-json\/wp\/v2\/posts"}],"about":[{"href":"https:\/\/rafoldesalem.es\/es\/wp-json\/wp\/v2\/types\/post"}],"author":[{"embeddable":true,"href":"https:\/\/rafoldesalem.es\/es\/wp-json\/wp\/v2\/users\/50"}],"replies":[{"embeddable":true,"href":"https:\/\/rafoldesalem.es\/es\/wp-json\/wp\/v2\/comments?post=3695"}],"version-history":[{"count":1,"href":"https:\/\/rafoldesalem.es\/es\/wp-json\/wp\/v2\/posts\/3695\/revisions"}],"predecessor-version":[{"id":3696,"href":"https:\/\/rafoldesalem.es\/es\/wp-json\/wp\/v2\/posts\/3695\/revisions\/3696"}],"wp:featuredmedia":[{"embeddable":true,"href":"https:\/\/rafoldesalem.es\/es\/wp-json\/wp\/v2\/media\/3693"}],"wp:attachment":[{"href":"https:\/\/rafoldesalem.es\/es\/wp-json\/wp\/v2\/media?parent=3695"}],"wp:term":[{"taxonomy":"category","embeddable":true,"href":"https:\/\/rafoldesalem.es\/es\/wp-json\/wp\/v2\/categories?post=3695"},{"taxonomy":"post_tag","embeddable":true,"href":"https:\/\/rafoldesalem.es\/es\/wp-json\/wp\/v2\/tags?post=3695"}],"curies":[{"name":"wp","href":"https:\/\/api.w.org\/{rel}","templated":true}]}}