{"id":4434,"date":"2024-07-01T09:57:00","date_gmt":"2024-07-01T07:57:00","guid":{"rendered":"https:\/\/rafoldesalem.es\/?p=4434"},"modified":"2024-11-26T10:59:10","modified_gmt":"2024-11-26T09:59:10","slug":"subvencion-impulsamos-turismo-2024-para-la-promocion-turistica-del-rafol-de-salem","status":"publish","type":"post","link":"https:\/\/rafoldesalem.es\/es\/subvencion-impulsamos-turismo-2024-para-la-promocion-turistica-del-rafol-de-salem\/","title":{"rendered":"Subvenci\u00f3n Impulsem turisme 2024 para la promoci\u00f3n tur\u00edstica del Rafol de Salem"},"content":{"rendered":"\n<p>El Ayuntamiento de R\u00e1fol de Salem ha recibido de la Excelent\u00edsima Diputaci\u00f3n Provincial de Valencia una subvenci\u00f3n por importe de 6.000,00 euros, por la realizaci\u00f3n de proyectos y acciones de promoci\u00f3n tur\u00edstica<\/p>\n\n\n\n<p>Adjuntamos la resoluci\u00f3n de la concesi\u00f3n con toda la informaci\u00f3n.<\/p>\n\n\n\n<div class=\"wp-block-file\"><a id=\"wp-block-file--media-58822e22-0b61-4b58-97a4-1a40ba27731c\" href=\"https:\/\/rafoldesalem.es\/wp-content\/uploads\/2023\/10\/logo-dipu-3-scaled.jpg\">logo-dipu-3<\/a><a href=\"https:\/\/rafoldesalem.es\/wp-content\/uploads\/2023\/10\/logo-dipu-3-scaled.jpg\" class=\"wp-block-file__button wp-element-button\" download aria-describedby=\"wp-block-file--media-58822e22-0b61-4b58-97a4-1a40ba27731c\">Descarga<\/a><\/div>\n\n\n\n<div class=\"wp-block-file\"><a id=\"wp-block-file--media-f1415082-aa52-4e0a-ba07-5da2fc62d72f\" href=\"https:\/\/rafoldesalem.es\/wp-content\/uploads\/2024\/08\/20240628_Uns-altres_anunci-concessio-IMPULSEM-TURISME-1.pdf\">20240628_Uns altres_anunci concessio IMPULSEM TURISME<\/a><a href=\"https:\/\/rafoldesalem.es\/wp-content\/uploads\/2024\/08\/20240628_Uns-altres_anunci-concessio-IMPULSEM-TURISME-1.pdf\" class=\"wp-block-file__button wp-element-button\" download aria-describedby=\"wp-block-file--media-f1415082-aa52-4e0a-ba07-5da2fc62d72f\">Descarga<\/a><\/div>\n\n\n<!-- wp:themify-builder\/canvas \/-->\n\n\n<figure class=\"wp-block-image size-large\"><img loading=\"lazy\" decoding=\"async\" width=\"1024\" height=\"209\" src=\"https:\/\/rafoldesalem.es\/wp-content\/uploads\/2024\/07\/DVValenciaTurisme_page-0001-3-1024x209.jpg\" alt=\"\" class=\"wp-image-4753\" srcset=\"https:\/\/rafoldesalem.es\/wp-content\/uploads\/2024\/07\/DVValenciaTurisme_page-0001-3-1024x209.jpg 1024w, https:\/\/rafoldesalem.es\/wp-content\/uploads\/2024\/07\/DVValenciaTurisme_page-0001-3-300x61.jpg 300w, https:\/\/rafoldesalem.es\/wp-content\/uploads\/2024\/07\/DVValenciaTurisme_page-0001-3-768x157.jpg 768w, https:\/\/rafoldesalem.es\/wp-content\/uploads\/2024\/07\/DVValenciaTurisme_page-0001-3-1536x314.jpg 1536w, https:\/\/rafoldesalem.es\/wp-content\/uploads\/2024\/07\/DVValenciaTurisme_page-0001-3-2048x419.jpg 2048w\" sizes=\"auto, (max-width: 1024px) 100vw, 1024px\" \/><\/figure>\n","protected":false},"excerpt":{"rendered":"<p>El Ayuntamiento de R\u00e1fol de Salem ha recibido de la Excelent\u00edsima Diputaci\u00f3n Provincial de Valencia una subvenci\u00f3n por importe de 6.000,00 euros, por la realizaci\u00f3n de proyectos y acciones de promoci\u00f3n tur\u00edstica Adjuntamos la resoluci\u00f3n de la concesi\u00f3n con toda la informaci\u00f3n.<\/p>\n","protected":false},"author":50,"featured_media":4745,"comment_status":"closed","ping_status":"closed","sticky":false,"template":"","format":"standard","meta":{"footnotes":""},"categories":[4],"tags":[],"class_list":["post-4434","post","type-post","status-publish","format-standard","has-post-thumbnail","hentry","category-noticias","has-post-title","has-post-date","has-post-category","has-post-tag","has-post-comment","has-post-author",""],"builder_content":"","_links":{"self":[{"href":"https:\/\/rafoldesalem.es\/es\/wp-json\/wp\/v2\/posts\/4434","targetHints":{"allow":["GET"]}}],"collection":[{"href":"https:\/\/rafoldesalem.es\/es\/wp-json\/wp\/v2\/posts"}],"about":[{"href":"https:\/\/rafoldesalem.es\/es\/wp-json\/wp\/v2\/types\/post"}],"author":[{"embeddable":true,"href":"https:\/\/rafoldesalem.es\/es\/wp-json\/wp\/v2\/users\/50"}],"replies":[{"embeddable":true,"href":"https:\/\/rafoldesalem.es\/es\/wp-json\/wp\/v2\/comments?post=4434"}],"version-history":[{"count":3,"href":"https:\/\/rafoldesalem.es\/es\/wp-json\/wp\/v2\/posts\/4434\/revisions"}],"predecessor-version":[{"id":4755,"href":"https:\/\/rafoldesalem.es\/es\/wp-json\/wp\/v2\/posts\/4434\/revisions\/4755"}],"wp:featuredmedia":[{"embeddable":true,"href":"https:\/\/rafoldesalem.es\/es\/wp-json\/wp\/v2\/media\/4745"}],"wp:attachment":[{"href":"https:\/\/rafoldesalem.es\/es\/wp-json\/wp\/v2\/media?parent=4434"}],"wp:term":[{"taxonomy":"category","embeddable":true,"href":"https:\/\/rafoldesalem.es\/es\/wp-json\/wp\/v2\/categories?post=4434"},{"taxonomy":"post_tag","embeddable":true,"href":"https:\/\/rafoldesalem.es\/es\/wp-json\/wp\/v2\/tags?post=4434"}],"curies":[{"name":"wp","href":"https:\/\/api.w.org\/{rel}","templated":true}]}}