{"id":4691,"date":"2024-10-17T12:01:00","date_gmt":"2024-10-17T10:01:00","guid":{"rendered":"https:\/\/rafoldesalem.es\/?p=4691"},"modified":"2024-11-12T12:45:55","modified_gmt":"2024-11-12T11:45:55","slug":"subvencion-de-diputacion-para-la-red-de-municipios-protegidos-contra-la-violencia-de-genero-2024","status":"publish","type":"post","link":"https:\/\/rafoldesalem.es\/es\/subvencion-de-diputacion-para-la-red-de-municipios-protegidos-contra-la-violencia-de-genero-2024\/","title":{"rendered":"Subvenci\u00f3n de Diputaci\u00f3n para la red de Municipios Protegidos contra la Violencia de Genero 2024"},"content":{"rendered":"<!-- wp:themify-builder\/canvas \/-->\n\n\n<p>El Ayuntamiento de R\u00e0fol de Salem ha recibido una ayuda de 2.696,00\u20ac de la Diputaci\u00f3n provincial de Valencia, sobre la concesi\u00f3n de subvenciones destinadas a ayuntamientos de la provincia adheridos, en la fecha de publicaci\u00f3n de la convocatoria, a la red de municipios Protegidos contra la Violencia de g\u00e9nero, destinadas a llevar a cabo algunas de las obligaciones adquiridas con la adhesi\u00f3n relativo al ejercicio 2024.<\/p>\n\n\n\n<p><\/p>\n\n\n\n<div class=\"wp-block-file\"><a id=\"wp-block-file--media-38e93e5b-62f8-4c60-9aef-55e6cad89fd3\" href=\"https:\/\/rafoldesalem.es\/wp-content\/uploads\/2024\/11\/RESOLUCION-concesion-contra-la-violencia-de-genero-1.pdf\">RESOLUCI\u00d3N concesi\u00f3n contra la violencia de g\u00e9nero<\/a><a href=\"https:\/\/rafoldesalem.es\/wp-content\/uploads\/2024\/11\/RESOLUCION-concesion-contra-la-violencia-de-genero-1.pdf\" class=\"wp-block-file__button wp-element-button\" download aria-describedby=\"wp-block-file--media-38e93e5b-62f8-4c60-9aef-55e6cad89fd3\">Descarga<\/a><\/div>\n","protected":false},"excerpt":{"rendered":"<p>El Ayuntamiento de R\u00e0fol de Salem ha recibido una ayuda de 2.696,00\u20ac de la Diputaci\u00f3n provincial de Valencia, sobre la concesi\u00f3n de subvenciones destinadas a ayuntamientos de la provincia adheridos, en la fecha de publicaci\u00f3n de la convocatoria, a la red de municipios Protegidos contra la Violencia de g\u00e9nero, destinadas a llevar a cabo algunas [&hellip;]<\/p>\n","protected":false},"author":50,"featured_media":4173,"comment_status":"closed","ping_status":"closed","sticky":false,"template":"","format":"standard","meta":{"footnotes":""},"categories":[4],"tags":[],"class_list":["post-4691","post","type-post","status-publish","format-standard","has-post-thumbnail","hentry","category-noticias","has-post-title","has-post-date","has-post-category","has-post-tag","has-post-comment","has-post-author",""],"builder_content":"","_links":{"self":[{"href":"https:\/\/rafoldesalem.es\/es\/wp-json\/wp\/v2\/posts\/4691","targetHints":{"allow":["GET"]}}],"collection":[{"href":"https:\/\/rafoldesalem.es\/es\/wp-json\/wp\/v2\/posts"}],"about":[{"href":"https:\/\/rafoldesalem.es\/es\/wp-json\/wp\/v2\/types\/post"}],"author":[{"embeddable":true,"href":"https:\/\/rafoldesalem.es\/es\/wp-json\/wp\/v2\/users\/50"}],"replies":[{"embeddable":true,"href":"https:\/\/rafoldesalem.es\/es\/wp-json\/wp\/v2\/comments?post=4691"}],"version-history":[{"count":1,"href":"https:\/\/rafoldesalem.es\/es\/wp-json\/wp\/v2\/posts\/4691\/revisions"}],"predecessor-version":[{"id":4694,"href":"https:\/\/rafoldesalem.es\/es\/wp-json\/wp\/v2\/posts\/4691\/revisions\/4694"}],"wp:featuredmedia":[{"embeddable":true,"href":"https:\/\/rafoldesalem.es\/es\/wp-json\/wp\/v2\/media\/4173"}],"wp:attachment":[{"href":"https:\/\/rafoldesalem.es\/es\/wp-json\/wp\/v2\/media?parent=4691"}],"wp:term":[{"taxonomy":"category","embeddable":true,"href":"https:\/\/rafoldesalem.es\/es\/wp-json\/wp\/v2\/categories?post=4691"},{"taxonomy":"post_tag","embeddable":true,"href":"https:\/\/rafoldesalem.es\/es\/wp-json\/wp\/v2\/tags?post=4691"}],"curies":[{"name":"wp","href":"https:\/\/api.w.org\/{rel}","templated":true}]}}