{"id":4780,"date":"2024-11-18T09:41:41","date_gmt":"2024-11-18T08:41:41","guid":{"rendered":"https:\/\/rafoldesalem.es\/?p=4780"},"modified":"2024-12-03T09:53:14","modified_gmt":"2024-12-03T08:53:14","slug":"campana-de-los-bonos-comercio-2024-en-el-rafol-de-salem-consume-en-el-pueblo-consume-en-casa","status":"publish","type":"post","link":"https:\/\/rafoldesalem.es\/es\/campana-de-los-bonos-comercio-2024-en-el-rafol-de-salem-consume-en-el-pueblo-consume-en-casa\/","title":{"rendered":"Campa\u00f1a de los bonos comercio 2024 en el R\u00e0fol de Salem \u00abCONSUME EN EL PUEBLO-CONSUME EN CASA\u00bb"},"content":{"rendered":"<!-- wp:themify-builder\/canvas \/-->\n\n\n<p>Iniciamos la campa\u00f1a para fomentar el comercio local.<br>El Ayuntamiento del R\u00e0fol empieza, a partir del lunes 18 de noviembre, la campa\u00f1a de promoci\u00f3n del comercio local \u201cCONSUME EN EL PUEBLO \u2013 CONSUME EN CASA\u201d. Con el objetivo de promover el comercio y la restauraci\u00f3n local, y con la intenci\u00f3n de incrementar las compras a los establecimientos del pueblo.<\/p>\n\n\n\n<p>La Campa\u00f1a consiste en que cada vecino y vecina empadronados en el pueblo, podr\u00e1n solicitar 8 cheques de 5 \u20ac que deber\u00e1n gastar en los siguientes comercios locales:<\/p>\n\n\n\n<p>Supermercado Trady\u2019s<\/p>\n\n\n\n<p>Peluquer\u00eda Marta<\/p>\n\n\n\n<p>Est\u00e9tica Clara<\/p>\n\n\n\n<p>Horno Barranca<\/p>\n\n\n\n<p>Bar el Rinc\u00f3n de Vicent<\/p>\n\n\n\n<p>Farmacia (solo productos de parafarmacia)<\/p>\n\n\n\n<p>La inyecci\u00f3n econ\u00f3mica para los comercios ser\u00e1 de 9.600\u20ac en total. El Ayuntamiento aporta 4.800\u20ac y el resto aquellas personas que forman parte de la campa\u00f1a.<\/p>\n\n\n\n<p>\u270d\ud83c\udffb C\u00f3mo solicitarlo?<\/p>\n\n\n\n<p>Cualquier persona empadronada, mayor de 18 a\u00f1os deber\u00e1 hacer un ingreso de 20\u20ac al n\u00famero de cuenta indicado al cartel. (Los menores de 18 a\u00f1os ser\u00e1 el padre o la madre quien solicitar\u00e1 los bonos).<\/p>\n\n\n\n<p>Ir al Ayuntamiento, con el DNI y el justificante del banco en papel o por el m\u00f3vil y rellenar la correspondiente solicitud.<\/p>\n\n\n\n<p>Recoger los \ud83c\udf9f 8 cheques\/persona por un valor total de \ud83d\udcb6 40 \u20ac.<br>(La gente mayor que tenga dificultades para poder realizar la transferencia puede acudir a las dependencias municipales a realizar el pago y recoger los 8 cheques.)<\/p>\n\n\n\n<p>Hay que utilizar cada cheque para compras de valor de 5\u20ac o m\u00e1s. Los cheques no son canjeables por dinero en efectivo.<\/p>\n\n\n\n<p>\ud83d\udcc6 Pod\u00e9is adquirirlos desde el 18 al 29 de noviembre. El plazo para poder utilizarlos ser\u00e1 hasta el 31 de diciembre de 2024.<\/p>\n\n\n\n<p>\u2757IMPORTANTE: Las persones participantes, tendr\u00e1n que manifestar en el momento de adquirir los cheques que cumplen con todos los requisitos para ser beneficiarios de una subvenci\u00f3n en cumplimiento del art\u00edculo 13 de la Ley 38\/2003 General de Subvenciones. Esta se considera ganancia patrimonial a los efectos del IRPF y est\u00e1 sujeta a las obligaciones fiscales que corresponden.<\/p>\n\n\n\n<p>Esta campa\u00f1a cuenta con el apoyo de la Conseller\u00eda de Inovaci\u00f3n, ind\u00fastria, comercio y turismo en su linea de subvenciones destinadas a ayudas en materia de comercio, consumo y artesan\u00eda CMPROM.<\/p>\n\n\n\n<figure class=\"wp-block-image size-large\"><img loading=\"lazy\" decoding=\"async\" width=\"724\" height=\"1024\" src=\"https:\/\/rafoldesalem.es\/wp-content\/uploads\/2024\/11\/imatge-de-la-campanya-dels-bons-comerc_page-0001-1-724x1024.jpg\" alt=\"\" class=\"wp-image-4776\" srcset=\"https:\/\/rafoldesalem.es\/wp-content\/uploads\/2024\/11\/imatge-de-la-campanya-dels-bons-comerc_page-0001-1-724x1024.jpg 724w, https:\/\/rafoldesalem.es\/wp-content\/uploads\/2024\/11\/imatge-de-la-campanya-dels-bons-comerc_page-0001-1-212x300.jpg 212w, https:\/\/rafoldesalem.es\/wp-content\/uploads\/2024\/11\/imatge-de-la-campanya-dels-bons-comerc_page-0001-1-768x1086.jpg 768w, https:\/\/rafoldesalem.es\/wp-content\/uploads\/2024\/11\/imatge-de-la-campanya-dels-bons-comerc_page-0001-1-1086x1536.jpg 1086w, https:\/\/rafoldesalem.es\/wp-content\/uploads\/2024\/11\/imatge-de-la-campanya-dels-bons-comerc_page-0001-1.jpg 1241w\" sizes=\"auto, (max-width: 724px) 100vw, 724px\" \/><\/figure>\n","protected":false},"excerpt":{"rendered":"<p>Iniciamos la campa\u00f1a para fomentar el comercio local.El Ayuntamiento del R\u00e0fol empieza, a partir del lunes 18 de noviembre, la campa\u00f1a de promoci\u00f3n del comercio local \u201cCONSUME EN EL PUEBLO \u2013 CONSUME EN CASA\u201d. Con el objetivo de promover el comercio y la restauraci\u00f3n local, y con la intenci\u00f3n de incrementar las compras a los [&hellip;]<\/p>\n","protected":false},"author":50,"featured_media":4776,"comment_status":"closed","ping_status":"closed","sticky":false,"template":"","format":"standard","meta":{"footnotes":""},"categories":[4],"tags":[],"class_list":["post-4780","post","type-post","status-publish","format-standard","has-post-thumbnail","hentry","category-noticias","has-post-title","has-post-date","has-post-category","has-post-tag","has-post-comment","has-post-author",""],"builder_content":"","_links":{"self":[{"href":"https:\/\/rafoldesalem.es\/es\/wp-json\/wp\/v2\/posts\/4780","targetHints":{"allow":["GET"]}}],"collection":[{"href":"https:\/\/rafoldesalem.es\/es\/wp-json\/wp\/v2\/posts"}],"about":[{"href":"https:\/\/rafoldesalem.es\/es\/wp-json\/wp\/v2\/types\/post"}],"author":[{"embeddable":true,"href":"https:\/\/rafoldesalem.es\/es\/wp-json\/wp\/v2\/users\/50"}],"replies":[{"embeddable":true,"href":"https:\/\/rafoldesalem.es\/es\/wp-json\/wp\/v2\/comments?post=4780"}],"version-history":[{"count":2,"href":"https:\/\/rafoldesalem.es\/es\/wp-json\/wp\/v2\/posts\/4780\/revisions"}],"predecessor-version":[{"id":4782,"href":"https:\/\/rafoldesalem.es\/es\/wp-json\/wp\/v2\/posts\/4780\/revisions\/4782"}],"wp:featuredmedia":[{"embeddable":true,"href":"https:\/\/rafoldesalem.es\/es\/wp-json\/wp\/v2\/media\/4776"}],"wp:attachment":[{"href":"https:\/\/rafoldesalem.es\/es\/wp-json\/wp\/v2\/media?parent=4780"}],"wp:term":[{"taxonomy":"category","embeddable":true,"href":"https:\/\/rafoldesalem.es\/es\/wp-json\/wp\/v2\/categories?post=4780"},{"taxonomy":"post_tag","embeddable":true,"href":"https:\/\/rafoldesalem.es\/es\/wp-json\/wp\/v2\/tags?post=4780"}],"curies":[{"name":"wp","href":"https:\/\/api.w.org\/{rel}","templated":true}]}}