{"id":4789,"date":"2024-10-25T12:57:20","date_gmt":"2024-10-25T10:57:20","guid":{"rendered":"https:\/\/rafoldesalem.es\/?p=4789"},"modified":"2024-12-03T13:00:41","modified_gmt":"2024-12-03T12:00:41","slug":"celebramos-el-dia-del-comercio-local-en-el-rafol-de-salem","status":"publish","type":"post","link":"https:\/\/rafoldesalem.es\/es\/celebramos-el-dia-del-comercio-local-en-el-rafol-de-salem\/","title":{"rendered":"Celebramos el dia del comercio local en el R\u00e0fol de Salem"},"content":{"rendered":"<!-- wp:themify-builder\/canvas \/-->\n\n\n<p>\ud83c\udf89 Hoy, d\u00eda 25 de octubre, celebramos el D\u00eda del Comercio Local en el R\u00e0fol!<\/p>\n\n\n\n<p>\u2764 Nuestro comercio local es el coraz\u00f3n de nuestra econom\u00eda y el alma de nuestro pueblo.<\/p>\n\n\n\n<p>\ud83d\udcaa Gracias a cada persona que apoya a nuestros negocios de siempre, quienes mantienen vivas nuestras calles y hacen del R\u00e0fol un municipio m\u00e1s fuerte y unido.<\/p>\n\n\n\n<p>\ud83d\udecd Compra local, apoya a nuestros emprendedores y contribuye a un futuro lleno de oportunidades para todos.<\/p>\n\n\n\n<p>\ud83d\udc65\ud83d\udc4f\ud83c\udffc Juntos hacemos crecer el R\u00e0fol!<\/p>\n\n\n\n<p>Con la colaboraci\u00f3n de la Conseller\u00eda de Innovaci\u00f3n, industria, comercio y Turismo a su linea de subvenciones destinadas a ayudas en materia de comercio, consumo y artesan\u00eda CMPROM.<\/p>\n\n\n\n<figure class=\"wp-block-video\"><video height=\"848\" style=\"aspect-ratio: 480 \/ 848;\" width=\"480\" autoplay controls loop src=\"https:\/\/rafoldesalem.es\/wp-content\/uploads\/2024\/12\/video-comerc-local.mp4\"><\/video><\/figure>\n","protected":false},"excerpt":{"rendered":"<p>\ud83c\udf89 Hoy, d\u00eda 25 de octubre, celebramos el D\u00eda del Comercio Local en el R\u00e0fol! \u2764 Nuestro comercio local es el coraz\u00f3n de nuestra econom\u00eda y el alma de nuestro pueblo. \ud83d\udcaa Gracias a cada persona que apoya a nuestros negocios de siempre, quienes mantienen vivas nuestras calles y hacen del R\u00e0fol un municipio m\u00e1s [&hellip;]<\/p>\n","protected":false},"author":50,"featured_media":4787,"comment_status":"closed","ping_status":"closed","sticky":false,"template":"","format":"standard","meta":{"footnotes":""},"categories":[4],"tags":[],"class_list":["post-4789","post","type-post","status-publish","format-standard","has-post-thumbnail","hentry","category-noticias","has-post-title","has-post-date","has-post-category","has-post-tag","has-post-comment","has-post-author",""],"builder_content":"","_links":{"self":[{"href":"https:\/\/rafoldesalem.es\/es\/wp-json\/wp\/v2\/posts\/4789","targetHints":{"allow":["GET"]}}],"collection":[{"href":"https:\/\/rafoldesalem.es\/es\/wp-json\/wp\/v2\/posts"}],"about":[{"href":"https:\/\/rafoldesalem.es\/es\/wp-json\/wp\/v2\/types\/post"}],"author":[{"embeddable":true,"href":"https:\/\/rafoldesalem.es\/es\/wp-json\/wp\/v2\/users\/50"}],"replies":[{"embeddable":true,"href":"https:\/\/rafoldesalem.es\/es\/wp-json\/wp\/v2\/comments?post=4789"}],"version-history":[{"count":1,"href":"https:\/\/rafoldesalem.es\/es\/wp-json\/wp\/v2\/posts\/4789\/revisions"}],"predecessor-version":[{"id":4790,"href":"https:\/\/rafoldesalem.es\/es\/wp-json\/wp\/v2\/posts\/4789\/revisions\/4790"}],"wp:featuredmedia":[{"embeddable":true,"href":"https:\/\/rafoldesalem.es\/es\/wp-json\/wp\/v2\/media\/4787"}],"wp:attachment":[{"href":"https:\/\/rafoldesalem.es\/es\/wp-json\/wp\/v2\/media?parent=4789"}],"wp:term":[{"taxonomy":"category","embeddable":true,"href":"https:\/\/rafoldesalem.es\/es\/wp-json\/wp\/v2\/categories?post=4789"},{"taxonomy":"post_tag","embeddable":true,"href":"https:\/\/rafoldesalem.es\/es\/wp-json\/wp\/v2\/tags?post=4789"}],"curies":[{"name":"wp","href":"https:\/\/api.w.org\/{rel}","templated":true}]}}