{"id":4867,"date":"2025-05-28T17:01:21","date_gmt":"2025-05-28T15:01:21","guid":{"rendered":"https:\/\/rafoldesalem.es\/el-rafol-de-salem-abre-un-proceso-participativo-para-construir-su-agenda-urbana\/"},"modified":"2025-06-05T12:29:50","modified_gmt":"2025-06-05T10:29:50","slug":"el-rafol-de-salem-abre-un-proceso-participativo-para-construir-su-agenda-urbana","status":"publish","type":"post","link":"https:\/\/rafoldesalem.es\/es\/el-rafol-de-salem-abre-un-proceso-participativo-para-construir-su-agenda-urbana\/","title":{"rendered":"El R\u00e0fol de Salem abre un proceso participativo para construir su Agenda Urbana"},"content":{"rendered":"<!-- wp:themify-builder\/canvas \/-->\n<p>El Ayuntamiento de El R\u00e0fol de Salem ha puesto en marcha un nuevo proceso participativo con el objetivo de elaborar la <strong>Agenda Urbana del municipio<\/strong> , una herramienta estrat\u00e9gica que marcar\u00e1 las l\u00edneas de futuro del pueblo en \u00e1mbitos como el medio ambiente, el urbanismo, la movilidad, los servicios o la cohesi\u00f3n social.<\/p>\n\n<p>Conscientes de que el pueblo lo hagamos entre todas y todos, <strong>invitamos a toda la ciudadan\u00eda a sumarse y aportar su visi\u00f3n<\/strong> , ideas o preocupaciones sobre c\u00f3mo queremos que sea R\u00e0fol en los pr\u00f3ximos a\u00f1os.<\/p>\n\n<p>Para facilitar la participaci\u00f3n, hemos habilitado un <strong>cuestionario online<\/strong> donde puedes compartir tus propuestas de manera sencilla y r\u00e1pida. Basta con acceder a trav\u00e9s del siguiente enlace: <\/p>\n\n<div class=\"wp-block-buttons is-content-justification-center is-layout-flex wp-container-core-buttons-is-layout-a89b3969 wp-block-buttons-is-layout-flex\">\n<div class=\"wp-block-button\"><a class=\"wp-block-button__link has-white-color has-text-color has-link-color wp-element-button\" href=\"https:\/\/docs.google.com\/forms\/d\/e\/1FAIpQLScUa47s60Fd4Xe5-ApuweFw-Hvo3PaiNzCMYqq0s2mxzgHiMQ\/viewform?usp=header\">Cuestionario en castellano<\/a><\/div>\n\n\n\n<div class=\"wp-block-button\"><a class=\"wp-block-button__link has-white-color has-text-color has-link-color wp-element-button\" href=\"https:\/\/docs.google.com\/forms\/d\/e\/1FAIpQLSfCDeK_TIrqGsE9T5ooieixhy65-BJW2caOQq4q0oimwFhWrQ\/viewform?usp=preview\">Cuestionario en valenci\u00e0<\/a><\/div>\n<\/div>\n\n<div style=\"height:57px\" aria-hidden=\"true\" class=\"wp-block-spacer\"><\/div>\n\n<p>El formulario estar\u00e1 activo <strong>durante las pr\u00f3ximas dos semanas<\/strong> .<\/p>\n\n<p>Con tu colaboraci\u00f3n, podremos dise\u00f1ar <strong>un pueblo m\u00e1s sostenible, habitable y pensado para todas y todos<\/strong> . \u00a1Te esperamos! <\/p>\n\n<figure class=\"wp-block-image aligncenter size-large is-resized\"><img loading=\"lazy\" decoding=\"async\" width=\"819\" height=\"1024\" src=\"https:\/\/rafoldesalem.es\/wp-content\/uploads\/2025\/05\/WhatsApp-Image-2025-05-28-at-12.49.47-819x1024.jpeg\" alt=\"\" class=\"wp-image-4860\" style=\"width:485px;height:auto\" srcset=\"https:\/\/rafoldesalem.es\/wp-content\/uploads\/2025\/05\/WhatsApp-Image-2025-05-28-at-12.49.47-819x1024.jpeg 819w, https:\/\/rafoldesalem.es\/wp-content\/uploads\/2025\/05\/WhatsApp-Image-2025-05-28-at-12.49.47-240x300.jpeg 240w, https:\/\/rafoldesalem.es\/wp-content\/uploads\/2025\/05\/WhatsApp-Image-2025-05-28-at-12.49.47-768x960.jpeg 768w, https:\/\/rafoldesalem.es\/wp-content\/uploads\/2025\/05\/WhatsApp-Image-2025-05-28-at-12.49.47.jpeg 1080w\" sizes=\"auto, (max-width: 819px) 100vw, 819px\" \/><\/figure>\n\n<div style=\"height:55px\" aria-hidden=\"true\" class=\"wp-block-spacer\"><\/div>\n\n<div class=\"wp-block-buttons is-content-justification-center is-layout-flex wp-container-core-buttons-is-layout-a89b3969 wp-block-buttons-is-layout-flex\">\n<div class=\"wp-block-button\"><a class=\"wp-block-button__link has-vivid-cyan-blue-background-color has-background has-text-align-center wp-element-button\" href=\"https:\/\/rafoldesalem.es\/es\/rafol-de-salem-consigue-la-subvencion-para-desarrollar-la-agenda-urbana\/\">M\u00e1s informaci\u00f3n sobre la Agenda Urbana<\/a><\/div>\n<\/div>\n\n<p><\/p>\n","protected":false},"excerpt":{"rendered":"<p>El Ayuntamiento de R\u00e0fol de Salem ha abierto un proceso participativo para elaborar la Agenda Urbana del municipio. La ciudadan\u00eda puede hacer llegar sus propuestas mediante un cuestionario online, disponible durante las pr\u00f3ximas dos semanas. Participa y ay\u00fadanos a dise\u00f1ar un pueblo m\u00e1s sostenible y habitable.  <\/p>\n","protected":false},"author":50,"featured_media":4861,"comment_status":"closed","ping_status":"closed","sticky":false,"template":"","format":"standard","meta":{"footnotes":""},"categories":[4],"tags":[],"class_list":["post-4867","post","type-post","status-publish","format-standard","has-post-thumbnail","hentry","category-noticias","has-post-title","has-post-date","has-post-category","has-post-tag","has-post-comment","has-post-author",""],"builder_content":"","_links":{"self":[{"href":"https:\/\/rafoldesalem.es\/es\/wp-json\/wp\/v2\/posts\/4867","targetHints":{"allow":["GET"]}}],"collection":[{"href":"https:\/\/rafoldesalem.es\/es\/wp-json\/wp\/v2\/posts"}],"about":[{"href":"https:\/\/rafoldesalem.es\/es\/wp-json\/wp\/v2\/types\/post"}],"author":[{"embeddable":true,"href":"https:\/\/rafoldesalem.es\/es\/wp-json\/wp\/v2\/users\/50"}],"replies":[{"embeddable":true,"href":"https:\/\/rafoldesalem.es\/es\/wp-json\/wp\/v2\/comments?post=4867"}],"version-history":[{"count":5,"href":"https:\/\/rafoldesalem.es\/es\/wp-json\/wp\/v2\/posts\/4867\/revisions"}],"predecessor-version":[{"id":4933,"href":"https:\/\/rafoldesalem.es\/es\/wp-json\/wp\/v2\/posts\/4867\/revisions\/4933"}],"wp:featuredmedia":[{"embeddable":true,"href":"https:\/\/rafoldesalem.es\/es\/wp-json\/wp\/v2\/media\/4861"}],"wp:attachment":[{"href":"https:\/\/rafoldesalem.es\/es\/wp-json\/wp\/v2\/media?parent=4867"}],"wp:term":[{"taxonomy":"category","embeddable":true,"href":"https:\/\/rafoldesalem.es\/es\/wp-json\/wp\/v2\/categories?post=4867"},{"taxonomy":"post_tag","embeddable":true,"href":"https:\/\/rafoldesalem.es\/es\/wp-json\/wp\/v2\/tags?post=4867"}],"curies":[{"name":"wp","href":"https:\/\/api.w.org\/{rel}","templated":true}]}}