{"id":4894,"date":"2024-12-04T11:55:00","date_gmt":"2024-12-04T10:55:00","guid":{"rendered":"https:\/\/rafoldesalem.es\/plan-corresponsables-2024\/"},"modified":"2025-05-30T12:07:09","modified_gmt":"2025-05-30T10:07:09","slug":"plan-corresponsables-2024","status":"publish","type":"post","link":"https:\/\/rafoldesalem.es\/es\/plan-corresponsables-2024\/","title":{"rendered":"PLAN CORRESPONSABLES 2024"},"content":{"rendered":"<!-- wp:themify-builder\/canvas \/-->\n<p>La Viseprecidencia Primera y Consejer\u00eda de Servicios Sociales, Igualdad y Vivienda ha concedido al Ayuntamiento de R\u00e0fol de Salem el importe de 15.171,88\u20ac para el desarrollo de proyectos de servicios de cuidado profesional para familias con hijos e hijas hasta 16 a\u00f1os.<\/p>\n\n<p>Esta iniciativa se realizar\u00e1 mediante la creaci\u00f3n de bolsas de cuidado profesional, la creaci\u00f3n de empleo de calidad en el sector de los cuidados, planes de formaci\u00f3n en corresponsabilidad y cuidados destinados a los hombres.<\/p>\n\n<div class=\"wp-block-file\"><a id=\"wp-block-file--media-79f90ab5-dde3-4f93-9a41-588270a847d5\" href=\"https:\/\/rafoldesalem.es\/wp-content\/uploads\/2025\/05\/20241203_Uns-altres_RESOLUCION-aceptacion-ayuda-CORRESPONSALES.pdf\">20241203_Otros_RESOLUCI\u00d3N aceptaci\u00f3n ayuda CORRESPONSALES<\/a><a href=\"https:\/\/rafoldesalem.es\/wp-content\/uploads\/2025\/05\/20241203_Uns-altres_RESOLUCION-aceptacion-ayuda-CORRESPONSALES.pdf\" class=\"wp-block-file__button wp-element-button\" download=\"\" aria-describedby=\"wp-block-file--media-79f90ab5-dde3-4f93-9a41-588270a847d5\">Descarga<\/a><\/div>\n\n<p><\/p>\n","protected":false},"excerpt":{"rendered":"<p>La Viseprecidencia Primera y Consejer\u00eda de Servicios Sociales, Igualdad y Vivienda ha concedido al Ayuntamiento de R\u00e0fol de Salem el importe de 15.171,88\u20ac para el desarrollo de proyectos de servicios de cuidado profesional para familias con hijos e hijas hasta 16 a\u00f1os. Esta iniciativa se realizar\u00e1 mediante la creaci\u00f3n de bolsas de cuidado profesional, la [&hellip;]<\/p>\n","protected":false},"author":50,"featured_media":4825,"comment_status":"closed","ping_status":"closed","sticky":false,"template":"","format":"standard","meta":{"footnotes":""},"categories":[4],"tags":[],"class_list":["post-4894","post","type-post","status-publish","format-standard","has-post-thumbnail","hentry","category-noticias","has-post-title","has-post-date","has-post-category","has-post-tag","has-post-comment","has-post-author",""],"builder_content":"","_links":{"self":[{"href":"https:\/\/rafoldesalem.es\/es\/wp-json\/wp\/v2\/posts\/4894","targetHints":{"allow":["GET"]}}],"collection":[{"href":"https:\/\/rafoldesalem.es\/es\/wp-json\/wp\/v2\/posts"}],"about":[{"href":"https:\/\/rafoldesalem.es\/es\/wp-json\/wp\/v2\/types\/post"}],"author":[{"embeddable":true,"href":"https:\/\/rafoldesalem.es\/es\/wp-json\/wp\/v2\/users\/50"}],"replies":[{"embeddable":true,"href":"https:\/\/rafoldesalem.es\/es\/wp-json\/wp\/v2\/comments?post=4894"}],"version-history":[{"count":1,"href":"https:\/\/rafoldesalem.es\/es\/wp-json\/wp\/v2\/posts\/4894\/revisions"}],"predecessor-version":[{"id":4895,"href":"https:\/\/rafoldesalem.es\/es\/wp-json\/wp\/v2\/posts\/4894\/revisions\/4895"}],"wp:featuredmedia":[{"embeddable":true,"href":"https:\/\/rafoldesalem.es\/es\/wp-json\/wp\/v2\/media\/4825"}],"wp:attachment":[{"href":"https:\/\/rafoldesalem.es\/es\/wp-json\/wp\/v2\/media?parent=4894"}],"wp:term":[{"taxonomy":"category","embeddable":true,"href":"https:\/\/rafoldesalem.es\/es\/wp-json\/wp\/v2\/categories?post=4894"},{"taxonomy":"post_tag","embeddable":true,"href":"https:\/\/rafoldesalem.es\/es\/wp-json\/wp\/v2\/tags?post=4894"}],"curies":[{"name":"wp","href":"https:\/\/api.w.org\/{rel}","templated":true}]}}