{"id":4903,"date":"2024-12-17T12:00:00","date_gmt":"2024-12-17T11:00:00","guid":{"rendered":"https:\/\/rafoldesalem.es\/subvencion-destinada-a-la-gestion-forestal-y-a-la-prevencion-de-incendios-2024-reacciona\/"},"modified":"2026-03-13T12:32:43","modified_gmt":"2026-03-13T11:32:43","slug":"subvencion-destinada-a-la-gestion-forestal-y-a-la-prevencion-de-incendios-2024-reacciona","status":"publish","type":"post","link":"https:\/\/rafoldesalem.es\/es\/subvencion-destinada-a-la-gestion-forestal-y-a-la-prevencion-de-incendios-2024-reacciona\/","title":{"rendered":"Subvenci\u00f3n destinada a la gesti\u00f3n forestal y a la prevenci\u00f3n de incendios 2024"},"content":{"rendered":"<!-- wp:themify-builder\/canvas \/-->\n\n\n<p>La Excelent\u00edsima Diputaci\u00f3n Provincial de Valencia ha concedido al Ayuntamiento de R\u00e0fol de Salem una subvenci\u00f3n para el mantenimiento (A1) por importe de 9.594,13 \u20ac y para las inversiones (A2) por importe de 6.396,09 \u20ac.<\/p>\n\n\n\n<p>La subvenci\u00f3n ha ido dirigida a la reparaci\u00f3n del \u00abCam\u00ed de la Serra\u00bb (Vial VRS-4) y a la adquisici\u00f3n de una trituradora de le\u00f1a.<\/p>\n\n\n\n<div class=\"wp-block-file\"><a id=\"wp-block-file--media-abba200c-dda2-44fd-a9b8-0427aec6d51a\" href=\"https:\/\/rafoldesalem.es\/wp-content\/uploads\/2025\/05\/20241217_Uns-altres_concessio-desubvencions-destinades-a-la-gestio-forestal.pdf\">Resoluci\u00f3n concesi\u00f3n de subvenciones destinadas a la gesti\u00f3n forestal<\/a><a href=\"https:\/\/rafoldesalem.es\/wp-content\/uploads\/2025\/05\/20241217_Uns-altres_concessio-desubvencions-destinades-a-la-gestio-forestal.pdf\" class=\"wp-block-file__button wp-element-button\" download aria-describedby=\"wp-block-file--media-abba200c-dda2-44fd-a9b8-0427aec6d51a\">Descarga<\/a><\/div>\n\n\n\n<p><\/p>\n\n\n\n<figure class=\"wp-block-image aligncenter size-full is-resized\"><img loading=\"lazy\" decoding=\"async\" width=\"300\" height=\"215\" src=\"https:\/\/rafoldesalem.es\/wp-content\/uploads\/2026\/03\/Logo-Diputacio-de-Valpencia-Desenvolupament-Territorial-Sostenible.png\" alt=\"\" class=\"wp-image-5372\" style=\"width:384px;height:auto\"\/><\/figure>\n","protected":false},"excerpt":{"rendered":"<p>La Excelent\u00edsima Diputaci\u00f3n Provincial de Valencia ha concedido al Ayuntamiento de R\u00e0fol de Salem una subvenci\u00f3n para el mantenimiento (A1) por importe de 9.594,13 \u20ac y para las inversiones (A2) por importe de 6.396,09 \u20ac. La subvenci\u00f3n ha ido dirigida a la reparaci\u00f3n del \u00abCam\u00ed de la Serra\u00bb (Vial VRS-4) y a la adquisici\u00f3n de [&hellip;]<\/p>\n","protected":false},"author":50,"featured_media":5387,"comment_status":"closed","ping_status":"closed","sticky":false,"template":"","format":"standard","meta":{"footnotes":""},"categories":[4],"tags":[],"class_list":["post-4903","post","type-post","status-publish","format-standard","has-post-thumbnail","hentry","category-noticias","has-post-title","has-post-date","has-post-category","has-post-tag","has-post-comment","has-post-author",""],"builder_content":"","_links":{"self":[{"href":"https:\/\/rafoldesalem.es\/es\/wp-json\/wp\/v2\/posts\/4903","targetHints":{"allow":["GET"]}}],"collection":[{"href":"https:\/\/rafoldesalem.es\/es\/wp-json\/wp\/v2\/posts"}],"about":[{"href":"https:\/\/rafoldesalem.es\/es\/wp-json\/wp\/v2\/types\/post"}],"author":[{"embeddable":true,"href":"https:\/\/rafoldesalem.es\/es\/wp-json\/wp\/v2\/users\/50"}],"replies":[{"embeddable":true,"href":"https:\/\/rafoldesalem.es\/es\/wp-json\/wp\/v2\/comments?post=4903"}],"version-history":[{"count":3,"href":"https:\/\/rafoldesalem.es\/es\/wp-json\/wp\/v2\/posts\/4903\/revisions"}],"predecessor-version":[{"id":5393,"href":"https:\/\/rafoldesalem.es\/es\/wp-json\/wp\/v2\/posts\/4903\/revisions\/5393"}],"wp:featuredmedia":[{"embeddable":true,"href":"https:\/\/rafoldesalem.es\/es\/wp-json\/wp\/v2\/media\/5387"}],"wp:attachment":[{"href":"https:\/\/rafoldesalem.es\/es\/wp-json\/wp\/v2\/media?parent=4903"}],"wp:term":[{"taxonomy":"category","embeddable":true,"href":"https:\/\/rafoldesalem.es\/es\/wp-json\/wp\/v2\/categories?post=4903"},{"taxonomy":"post_tag","embeddable":true,"href":"https:\/\/rafoldesalem.es\/es\/wp-json\/wp\/v2\/tags?post=4903"}],"curies":[{"name":"wp","href":"https:\/\/api.w.org\/{rel}","templated":true}]}}