{"id":4909,"date":"2024-12-19T12:30:00","date_gmt":"2024-12-19T11:30:00","guid":{"rendered":"https:\/\/rafoldesalem.es\/implantacion-de-plan-local-de-gestion-de-residuos-domesticos-i-asimilables-reacciona-24\/"},"modified":"2026-02-10T09:57:07","modified_gmt":"2026-02-10T08:57:07","slug":"implantacion-de-plan-local-de-gestion-de-residuos-domesticos-i-asimilables-reacciona-24","status":"publish","type":"post","link":"https:\/\/rafoldesalem.es\/es\/implantacion-de-plan-local-de-gestion-de-residuos-domesticos-i-asimilables-reacciona-24\/","title":{"rendered":"Implantaci\u00f3n de Plan Local de Gesti\u00f3n de Residuos Dom\u00e9sticos y Asimilables, Reacciona 24"},"content":{"rendered":"<!-- wp:themify-builder\/canvas \/-->\n\n\n<p>El Ayuntamiento de R\u00e0fol de Salem ha recibido una ayuda de 27.064,94 \u20ac de parte de la Diputaci\u00f3n de Val\u00e8ncia para mejorar la gesti\u00f3n de residuos en la localidad.<\/p>\n\n\n\n<p>Esta se ha destinado a la adquisici\u00f3n de diversos contenedores, como son:<\/p>\n\n\n\n<ul class=\"wp-block-list\">\n<li>Contenedores inteligentes para la fracci\u00f3n org\u00e1nica.<\/li>\n\n\n\n<li>Contenedores con cerramiento de llave plana para la fracci\u00f3n org\u00e1nica.<\/li>\n\n\n\n<li>Contenedores tipo igl\u00fa para la fracci\u00f3n pl\u00e1stica.<\/li>\n\n\n\n<li>Contenedores tipo igl\u00fa para la fracci\u00f3n de papel y cart\u00f3n.<\/li>\n<\/ul>\n\n\n\n<div class=\"wp-block-file\"><a id=\"wp-block-file--media-341ee78b-5a06-40c2-9954-d445af3df9ff\" href=\"https:\/\/rafoldesalem.es\/wp-content\/uploads\/2025\/05\/20241218_Uns-altres_Resolucio-concessio.pdf\">Resoluci\u00f3n concesi\u00f3n<\/a><a href=\"https:\/\/rafoldesalem.es\/wp-content\/uploads\/2025\/05\/20241218_Uns-altres_Resolucio-concessio.pdf\" class=\"wp-block-file__button wp-element-button\" download aria-describedby=\"wp-block-file--media-341ee78b-5a06-40c2-9954-d445af3df9ff\">Descarga<\/a><\/div>\n\n\n\n<figure class=\"wp-block-image size-medium\"><img loading=\"lazy\" decoding=\"async\" width=\"300\" height=\"120\" src=\"https:\/\/rafoldesalem.es\/wp-content\/uploads\/2025\/12\/Logotip_de_la_Diputacio_de_Valencia.svg-300x120.png\" alt=\"\" class=\"wp-image-5231\" srcset=\"https:\/\/rafoldesalem.es\/wp-content\/uploads\/2025\/12\/Logotip_de_la_Diputacio_de_Valencia.svg-300x120.png 300w, https:\/\/rafoldesalem.es\/wp-content\/uploads\/2025\/12\/Logotip_de_la_Diputacio_de_Valencia.svg-1024x410.png 1024w, https:\/\/rafoldesalem.es\/wp-content\/uploads\/2025\/12\/Logotip_de_la_Diputacio_de_Valencia.svg-768x307.png 768w, https:\/\/rafoldesalem.es\/wp-content\/uploads\/2025\/12\/Logotip_de_la_Diputacio_de_Valencia.svg-1536x614.png 1536w, https:\/\/rafoldesalem.es\/wp-content\/uploads\/2025\/12\/Logotip_de_la_Diputacio_de_Valencia.svg-2048x819.png 2048w\" sizes=\"auto, (max-width: 300px) 100vw, 300px\" \/><\/figure>\n\n\n\n<p><\/p>\n","protected":false},"excerpt":{"rendered":"<p>El Ayuntamiento de R\u00e0fol de Salem ha recibido una ayuda de 27.064,94 \u20ac de parte de la Diputaci\u00f3n de Val\u00e8ncia para mejorar la gesti\u00f3n de residuos en la localidad. Esta se ha destinado a la adquisici\u00f3n de diversos contenedores, como son:<\/p>\n","protected":false},"author":50,"featured_media":4875,"comment_status":"closed","ping_status":"closed","sticky":false,"template":"","format":"standard","meta":{"footnotes":""},"categories":[4],"tags":[],"class_list":["post-4909","post","type-post","status-publish","format-standard","has-post-thumbnail","hentry","category-noticias","has-post-title","has-post-date","has-post-category","has-post-tag","has-post-comment","has-post-author",""],"builder_content":"","_links":{"self":[{"href":"https:\/\/rafoldesalem.es\/es\/wp-json\/wp\/v2\/posts\/4909","targetHints":{"allow":["GET"]}}],"collection":[{"href":"https:\/\/rafoldesalem.es\/es\/wp-json\/wp\/v2\/posts"}],"about":[{"href":"https:\/\/rafoldesalem.es\/es\/wp-json\/wp\/v2\/types\/post"}],"author":[{"embeddable":true,"href":"https:\/\/rafoldesalem.es\/es\/wp-json\/wp\/v2\/users\/50"}],"replies":[{"embeddable":true,"href":"https:\/\/rafoldesalem.es\/es\/wp-json\/wp\/v2\/comments?post=4909"}],"version-history":[{"count":5,"href":"https:\/\/rafoldesalem.es\/es\/wp-json\/wp\/v2\/posts\/4909\/revisions"}],"predecessor-version":[{"id":5358,"href":"https:\/\/rafoldesalem.es\/es\/wp-json\/wp\/v2\/posts\/4909\/revisions\/5358"}],"wp:featuredmedia":[{"embeddable":true,"href":"https:\/\/rafoldesalem.es\/es\/wp-json\/wp\/v2\/media\/4875"}],"wp:attachment":[{"href":"https:\/\/rafoldesalem.es\/es\/wp-json\/wp\/v2\/media?parent=4909"}],"wp:term":[{"taxonomy":"category","embeddable":true,"href":"https:\/\/rafoldesalem.es\/es\/wp-json\/wp\/v2\/categories?post=4909"},{"taxonomy":"post_tag","embeddable":true,"href":"https:\/\/rafoldesalem.es\/es\/wp-json\/wp\/v2\/tags?post=4909"}],"curies":[{"name":"wp","href":"https:\/\/api.w.org\/{rel}","templated":true}]}}