{"id":4924,"date":"2024-05-31T13:17:00","date_gmt":"2024-05-31T11:17:00","guid":{"rendered":"https:\/\/rafoldesalem.es\/subvencion-para-la-ejecucion-de-obras-del-proyecto-de-vias-ciclopeatones-de-interes-natural\/"},"modified":"2026-03-10T12:03:09","modified_gmt":"2026-03-10T11:03:09","slug":"subvencion-para-la-ejecucion-de-obras-del-proyecto-de-vias-ciclopeatones-de-interes-natural","status":"publish","type":"post","link":"https:\/\/rafoldesalem.es\/es\/subvencion-para-la-ejecucion-de-obras-del-proyecto-de-vias-ciclopeatones-de-interes-natural\/","title":{"rendered":"Subvenci\u00f3n para la ejecuci\u00f3n de obras del proyecto de v\u00edas ciclopeatonales de inter\u00e9s natural."},"content":{"rendered":"\n<p>La agrupaci\u00f3n de municipios de El R\u00e0fol de Salem, Salem y Beniatjar han recibido una ayuda con importe de 180.000\u20ac de parte de la Diputaci\u00f3n de Val\u00e8ncia, secci\u00f3n de Medio Ambiente, para la ejecuci\u00f3n de la V\u00eda Ciclopeatonal de la Sierra del Benicadell.<\/p>\n\n\n\n<div class=\"wp-block-file\"><a id=\"wp-block-file--media-c112dca2-9346-4788-aa0a-e1e68e642938\" href=\"https:\/\/rafoldesalem.es\/wp-content\/uploads\/2025\/05\/20240917_Uns-altres_Anunci-Concessio.pdf\">20240917_Uns altres_Anunci Concessi\u00f3<\/a><a href=\"https:\/\/rafoldesalem.es\/wp-content\/uploads\/2025\/05\/20240917_Uns-altres_Anunci-Concessio.pdf\" class=\"wp-block-file__button wp-element-button\" download aria-describedby=\"wp-block-file--media-c112dca2-9346-4788-aa0a-e1e68e642938\">Descarga<\/a><\/div>\n\n\n<!-- wp:themify-builder\/canvas \/-->\n\n\n<figure class=\"wp-block-video\"><video height=\"1080\" style=\"aspect-ratio: 1920 \/ 1080;\" width=\"1920\" controls src=\"https:\/\/rafoldesalem.es\/wp-content\/uploads\/2024\/05\/Via-ciclovianant-ombria-del-Benicadell_Rafol-de-Salem_10mb.mp4\"><\/video><\/figure>\n","protected":false},"excerpt":{"rendered":"<p>La agrupaci\u00f3n de municipios de El R\u00e0fol de Salem, Salem y Beniatjar han recibido una ayuda con importe de 180.000\u20ac de parte de la Diputaci\u00f3n de Val\u00e8ncia, secci\u00f3n de Medio Ambiente, para la ejecuci\u00f3n de la V\u00eda Ciclopeatonal de la Sierra del Benicadell.<\/p>\n","protected":false},"author":50,"featured_media":4898,"comment_status":"closed","ping_status":"closed","sticky":false,"template":"","format":"standard","meta":{"footnotes":""},"categories":[4],"tags":[],"class_list":["post-4924","post","type-post","status-publish","format-standard","has-post-thumbnail","hentry","category-noticias","has-post-title","has-post-date","has-post-category","has-post-tag","has-post-comment","has-post-author",""],"builder_content":"","_links":{"self":[{"href":"https:\/\/rafoldesalem.es\/es\/wp-json\/wp\/v2\/posts\/4924","targetHints":{"allow":["GET"]}}],"collection":[{"href":"https:\/\/rafoldesalem.es\/es\/wp-json\/wp\/v2\/posts"}],"about":[{"href":"https:\/\/rafoldesalem.es\/es\/wp-json\/wp\/v2\/types\/post"}],"author":[{"embeddable":true,"href":"https:\/\/rafoldesalem.es\/es\/wp-json\/wp\/v2\/users\/50"}],"replies":[{"embeddable":true,"href":"https:\/\/rafoldesalem.es\/es\/wp-json\/wp\/v2\/comments?post=4924"}],"version-history":[{"count":2,"href":"https:\/\/rafoldesalem.es\/es\/wp-json\/wp\/v2\/posts\/4924\/revisions"}],"predecessor-version":[{"id":5369,"href":"https:\/\/rafoldesalem.es\/es\/wp-json\/wp\/v2\/posts\/4924\/revisions\/5369"}],"wp:featuredmedia":[{"embeddable":true,"href":"https:\/\/rafoldesalem.es\/es\/wp-json\/wp\/v2\/media\/4898"}],"wp:attachment":[{"href":"https:\/\/rafoldesalem.es\/es\/wp-json\/wp\/v2\/media?parent=4924"}],"wp:term":[{"taxonomy":"category","embeddable":true,"href":"https:\/\/rafoldesalem.es\/es\/wp-json\/wp\/v2\/categories?post=4924"},{"taxonomy":"post_tag","embeddable":true,"href":"https:\/\/rafoldesalem.es\/es\/wp-json\/wp\/v2\/tags?post=4924"}],"curies":[{"name":"wp","href":"https:\/\/api.w.org\/{rel}","templated":true}]}}