{"id":4944,"date":"2024-11-05T12:00:00","date_gmt":"2024-11-05T11:00:00","guid":{"rendered":"https:\/\/rafoldesalem.es\/?p=4944"},"modified":"2025-07-10T15:00:29","modified_gmt":"2025-07-10T13:00:29","slug":"concesion-de-subvencion-para-la-financiacion-de-comedores-escolares-y-fomento-de-la-alimentacion-sostenible-para-2024-2025","status":"publish","type":"post","link":"https:\/\/rafoldesalem.es\/es\/concesion-de-subvencion-para-la-financiacion-de-comedores-escolares-y-fomento-de-la-alimentacion-sostenible-para-2024-2025\/","title":{"rendered":"CONCESI\u00d3N DE SUBVENCI\u00d3N PARA LA FINANCIACI\u00d3N DE COMEDORES ESCOLARES Y FOMENTO DE LA ALIMENTACI\u00d3N SOSTENIBLE PARA 2024-2025"},"content":{"rendered":"<!-- wp:themify-builder\/canvas \/-->\n\n\n<p>La Diputaci\u00f3n de Val\u00e8ncia ha concedido en el Ayuntamiento de R\u00e1fol de Salem una subvenci\u00f3n para la financiaci\u00f3n del comedor escolar y para fomentar la alimentaci\u00f3n sostenible en los colegios rurales.<\/p>\n\n\n\n<p>Dentro de este marco, esta instituci\u00f3n ha recibido una cantidad econ\u00f3mica de 4.000\u20ac dirigida al aulario de R\u00e1fol de Salem, el cual pertenece al CRA Serra del Benicadell.<\/p>\n\n\n\n<div class=\"wp-block-file\"><a id=\"wp-block-file--media-40c83103-8869-4ed0-a08e-4faa6f30164f\" href=\"https:\/\/rafoldesalem.es\/wp-content\/uploads\/2025\/07\/RESOLUCIO-concessio-1.pdf\">RESOLUCI\u00d3 concessi\u00f3<\/a><a href=\"https:\/\/rafoldesalem.es\/wp-content\/uploads\/2025\/07\/RESOLUCIO-concessio-1.pdf\" class=\"wp-block-file__button wp-element-button\" download aria-describedby=\"wp-block-file--media-40c83103-8869-4ed0-a08e-4faa6f30164f\">Descarga<\/a><\/div>\n","protected":false},"excerpt":{"rendered":"<p>La Diputaci\u00f3n de Val\u00e8ncia ha concedido en el Ayuntamiento de R\u00e1fol de Salem una subvenci\u00f3n para la financiaci\u00f3n del comedor escolar y para fomentar la alimentaci\u00f3n sostenible en los colegios rurales. Dentro de este marco, esta instituci\u00f3n ha recibido una cantidad econ\u00f3mica de 4.000\u20ac dirigida al aulario de R\u00e1fol de Salem, el cual pertenece al [&hellip;]<\/p>\n","protected":false},"author":50,"featured_media":4663,"comment_status":"closed","ping_status":"closed","sticky":false,"template":"","format":"standard","meta":{"footnotes":""},"categories":[4],"tags":[],"class_list":["post-4944","post","type-post","status-publish","format-standard","has-post-thumbnail","hentry","category-noticias","has-post-title","has-post-date","has-post-category","has-post-tag","has-post-comment","has-post-author",""],"builder_content":"","_links":{"self":[{"href":"https:\/\/rafoldesalem.es\/es\/wp-json\/wp\/v2\/posts\/4944","targetHints":{"allow":["GET"]}}],"collection":[{"href":"https:\/\/rafoldesalem.es\/es\/wp-json\/wp\/v2\/posts"}],"about":[{"href":"https:\/\/rafoldesalem.es\/es\/wp-json\/wp\/v2\/types\/post"}],"author":[{"embeddable":true,"href":"https:\/\/rafoldesalem.es\/es\/wp-json\/wp\/v2\/users\/50"}],"replies":[{"embeddable":true,"href":"https:\/\/rafoldesalem.es\/es\/wp-json\/wp\/v2\/comments?post=4944"}],"version-history":[{"count":1,"href":"https:\/\/rafoldesalem.es\/es\/wp-json\/wp\/v2\/posts\/4944\/revisions"}],"predecessor-version":[{"id":4947,"href":"https:\/\/rafoldesalem.es\/es\/wp-json\/wp\/v2\/posts\/4944\/revisions\/4947"}],"wp:featuredmedia":[{"embeddable":true,"href":"https:\/\/rafoldesalem.es\/es\/wp-json\/wp\/v2\/media\/4663"}],"wp:attachment":[{"href":"https:\/\/rafoldesalem.es\/es\/wp-json\/wp\/v2\/media?parent=4944"}],"wp:term":[{"taxonomy":"category","embeddable":true,"href":"https:\/\/rafoldesalem.es\/es\/wp-json\/wp\/v2\/categories?post=4944"},{"taxonomy":"post_tag","embeddable":true,"href":"https:\/\/rafoldesalem.es\/es\/wp-json\/wp\/v2\/tags?post=4944"}],"curies":[{"name":"wp","href":"https:\/\/api.w.org\/{rel}","templated":true}]}}