{"id":4974,"date":"2025-08-25T12:40:44","date_gmt":"2025-08-25T10:40:44","guid":{"rendered":"https:\/\/rafoldesalem.es\/el-ayuntamiento-de-el-rafol-de-salem-recibe-una-subvencion-de-la-conselleria-de-sanidad-para-la-prevencion-de-la-obesidad-infantil\/"},"modified":"2025-11-17T09:54:18","modified_gmt":"2025-11-17T08:54:18","slug":"el-ayuntamiento-de-el-rafol-de-salem-recibe-una-subvencion-de-la-conselleria-de-sanidad-para-la-prevencion-de-la-obesidad-infantil","status":"publish","type":"post","link":"https:\/\/rafoldesalem.es\/es\/el-ayuntamiento-de-el-rafol-de-salem-recibe-una-subvencion-de-la-conselleria-de-sanidad-para-la-prevencion-de-la-obesidad-infantil\/","title":{"rendered":"El Ayuntamiento de El R\u00e0fol de Salem recibe una subvenci\u00f3n de la Conselleria de Sanidad para la prevenci\u00f3n de la obesidad infantil"},"content":{"rendered":"\n<p><\/p>\n<!-- wp:themify-builder\/canvas \/-->\n<p>El Ayuntamiento de El R\u00e0fol de Salem ha recibido una subvenci\u00f3n por importe de <strong>1.885,20 \u20ac<\/strong>, concedida por la <strong>Conselleria de Sanidad de la Generalitat Valenciana,<\/strong> destinada a llevar a cabo acciones para la <strong>prevenci\u00f3n y lucha contra la obesidad infantil.<\/strong><\/p>\n\n<p>Gracias a esta ayuda se pondr\u00e1 en marcha el programa \u201c<strong>Aventura Saludable<\/strong>\u201d, que se desarrollar\u00e1 durante el pr\u00f3ximo mes de <strong>septiembre<\/strong> e incluir\u00e1 diversas <strong>actividades l\u00fadicas<\/strong>, educativas y deportivas, dirigidas a fomentar <strong>h\u00e1bitos de vida saludables<\/strong> entre la poblaci\u00f3n infantil del municipio.<\/p>\n\n<p>Este proyecto se enmarca dentro del compromiso municipal con la <strong>promoci\u00f3n de la salud y el bienestar de la infancia<\/strong>, apostando por iniciativas preventivas y de sensibilizaci\u00f3n adaptadas al contexto local.<\/p>\n\n<figure class=\"wp-block-image aligncenter size-large is-resized\"><img loading=\"lazy\" decoding=\"async\" width=\"819\" height=\"1024\" src=\"https:\/\/rafoldesalem.es\/wp-content\/uploads\/2025\/08\/WhatsApp-Image-2025-08-25-at-11.22.28-819x1024.jpeg\" alt=\"\" class=\"wp-image-4971\" style=\"width:723px;height:auto\" srcset=\"https:\/\/rafoldesalem.es\/wp-content\/uploads\/2025\/08\/WhatsApp-Image-2025-08-25-at-11.22.28-819x1024.jpeg 819w, https:\/\/rafoldesalem.es\/wp-content\/uploads\/2025\/08\/WhatsApp-Image-2025-08-25-at-11.22.28-240x300.jpeg 240w, https:\/\/rafoldesalem.es\/wp-content\/uploads\/2025\/08\/WhatsApp-Image-2025-08-25-at-11.22.28-768x960.jpeg 768w, https:\/\/rafoldesalem.es\/wp-content\/uploads\/2025\/08\/WhatsApp-Image-2025-08-25-at-11.22.28.jpeg 1080w\" sizes=\"auto, (max-width: 819px) 100vw, 819px\" \/><\/figure>\n\n<figure class=\"wp-block-image aligncenter size-large is-resized\"><img loading=\"lazy\" decoding=\"async\" width=\"1024\" height=\"835\" src=\"https:\/\/rafoldesalem.es\/wp-content\/uploads\/2025\/08\/xarxasalut-marca-horitzontal-AF-amb-marques-sense-fvmp-1024x835.jpg\" alt=\"\" class=\"wp-image-5178\" style=\"width:454px;height:auto\" srcset=\"https:\/\/rafoldesalem.es\/wp-content\/uploads\/2025\/08\/xarxasalut-marca-horitzontal-AF-amb-marques-sense-fvmp-1024x835.jpg 1024w, https:\/\/rafoldesalem.es\/wp-content\/uploads\/2025\/08\/xarxasalut-marca-horitzontal-AF-amb-marques-sense-fvmp-300x245.jpg 300w, https:\/\/rafoldesalem.es\/wp-content\/uploads\/2025\/08\/xarxasalut-marca-horitzontal-AF-amb-marques-sense-fvmp-768x627.jpg 768w, https:\/\/rafoldesalem.es\/wp-content\/uploads\/2025\/08\/xarxasalut-marca-horitzontal-AF-amb-marques-sense-fvmp-1536x1253.jpg 1536w, https:\/\/rafoldesalem.es\/wp-content\/uploads\/2025\/08\/xarxasalut-marca-horitzontal-AF-amb-marques-sense-fvmp-2048x1671.jpg 2048w\" sizes=\"auto, (max-width: 1024px) 100vw, 1024px\" \/><\/figure>\n","protected":false},"excerpt":{"rendered":"<p>El Ayuntamiento de El R\u00e0fol de Salem ha recibido una subvenci\u00f3n por importe de 1.885,20 \u20ac, concedida por la Conselleria de Sanidad de la Generalitat Valenciana, destinada a llevar a cabo acciones para la prevenci\u00f3n y lucha contra la obesidad infantil. Gracias a esta ayuda se pondr\u00e1 en marcha el programa \u201cAventura Saludable\u201d, que se [&hellip;]<\/p>\n","protected":false},"author":50,"featured_media":4972,"comment_status":"closed","ping_status":"closed","sticky":false,"template":"","format":"standard","meta":{"footnotes":""},"categories":[4],"tags":[],"class_list":["post-4974","post","type-post","status-publish","format-standard","has-post-thumbnail","hentry","category-noticias","has-post-title","has-post-date","has-post-category","has-post-tag","has-post-comment","has-post-author",""],"builder_content":"","_links":{"self":[{"href":"https:\/\/rafoldesalem.es\/es\/wp-json\/wp\/v2\/posts\/4974","targetHints":{"allow":["GET"]}}],"collection":[{"href":"https:\/\/rafoldesalem.es\/es\/wp-json\/wp\/v2\/posts"}],"about":[{"href":"https:\/\/rafoldesalem.es\/es\/wp-json\/wp\/v2\/types\/post"}],"author":[{"embeddable":true,"href":"https:\/\/rafoldesalem.es\/es\/wp-json\/wp\/v2\/users\/50"}],"replies":[{"embeddable":true,"href":"https:\/\/rafoldesalem.es\/es\/wp-json\/wp\/v2\/comments?post=4974"}],"version-history":[{"count":2,"href":"https:\/\/rafoldesalem.es\/es\/wp-json\/wp\/v2\/posts\/4974\/revisions"}],"predecessor-version":[{"id":5181,"href":"https:\/\/rafoldesalem.es\/es\/wp-json\/wp\/v2\/posts\/4974\/revisions\/5181"}],"wp:featuredmedia":[{"embeddable":true,"href":"https:\/\/rafoldesalem.es\/es\/wp-json\/wp\/v2\/media\/4972"}],"wp:attachment":[{"href":"https:\/\/rafoldesalem.es\/es\/wp-json\/wp\/v2\/media?parent=4974"}],"wp:term":[{"taxonomy":"category","embeddable":true,"href":"https:\/\/rafoldesalem.es\/es\/wp-json\/wp\/v2\/categories?post=4974"},{"taxonomy":"post_tag","embeddable":true,"href":"https:\/\/rafoldesalem.es\/es\/wp-json\/wp\/v2\/tags?post=4974"}],"curies":[{"name":"wp","href":"https:\/\/api.w.org\/{rel}","templated":true}]}}