{"id":4981,"date":"2025-08-27T11:15:07","date_gmt":"2025-08-27T09:15:07","guid":{"rendered":"https:\/\/rafoldesalem.es\/el-rafol-de-salem-recibe-una-subvencion-para-actividades-de-juventud\/"},"modified":"2025-08-27T11:17:02","modified_gmt":"2025-08-27T09:17:02","slug":"el-rafol-de-salem-recibe-una-subvencion-para-actividades-de-juventud","status":"publish","type":"post","link":"https:\/\/rafoldesalem.es\/es\/el-rafol-de-salem-recibe-una-subvencion-para-actividades-de-juventud\/","title":{"rendered":"El R\u00e0fol de Salem recibe una subvenci\u00f3n para actividades de juventud"},"content":{"rendered":"<!-- wp:themify-builder\/canvas \/-->\n<p>El Ayuntamiento de El R\u00e0fol de Salem ha recibido una subvenci\u00f3n de <strong>1.657,26 <\/strong>\u20ac, concedida por la <strong>Diputaci\u00f3n de Valencia<\/strong>, destinada al desarrollo de actividades dirigidas a l<strong>a juventud del municipio.<\/strong><\/p>\n\n<p>Gracias a este apoyo, se pondr\u00e1n en marcha <strong>propuestas de ocio educativo y formativo<\/strong>, as\u00ed como <strong>espacios de participaci\u00f3n y encuentro <\/strong>para los y las j\u00f3venes del pueblo.<\/p>\n\n<p>Con iniciativas como esta, el consistorio refuerza su compromiso con la promoci\u00f3n del <strong>bienestar juvenil y la creaci\u00f3n de oportunidades de futuro <\/strong>para las nuevas generaciones.<\/p>\n\n<figure class=\"wp-block-image aligncenter size-large is-resized\"><img loading=\"lazy\" decoding=\"async\" width=\"819\" height=\"1024\" src=\"https:\/\/rafoldesalem.es\/wp-content\/uploads\/2025\/08\/WhatsApp-Image-2025-08-26-at-10.45.42-819x1024.jpeg\" alt=\"\" class=\"wp-image-4978\" style=\"width:463px;height:auto\" srcset=\"https:\/\/rafoldesalem.es\/wp-content\/uploads\/2025\/08\/WhatsApp-Image-2025-08-26-at-10.45.42-819x1024.jpeg 819w, https:\/\/rafoldesalem.es\/wp-content\/uploads\/2025\/08\/WhatsApp-Image-2025-08-26-at-10.45.42-240x300.jpeg 240w, https:\/\/rafoldesalem.es\/wp-content\/uploads\/2025\/08\/WhatsApp-Image-2025-08-26-at-10.45.42-768x960.jpeg 768w, https:\/\/rafoldesalem.es\/wp-content\/uploads\/2025\/08\/WhatsApp-Image-2025-08-26-at-10.45.42.jpeg 1080w\" sizes=\"auto, (max-width: 819px) 100vw, 819px\" \/><\/figure>\n","protected":false},"excerpt":{"rendered":"<p>El Ayuntamiento de El R\u00e0fol de Salem ha recibido una subvenci\u00f3n de 1.657,26 \u20ac, concedida por la Diputaci\u00f3n de Valencia, destinada al desarrollo de actividades dirigidas a la juventud del municipio. Gracias a este apoyo, se pondr\u00e1n en marcha propuestas de ocio educativo y formativo, as\u00ed como espacios de participaci\u00f3n y encuentro para los y [&hellip;]<\/p>\n","protected":false},"author":50,"featured_media":4979,"comment_status":"closed","ping_status":"closed","sticky":false,"template":"","format":"standard","meta":{"footnotes":""},"categories":[4],"tags":[],"class_list":["post-4981","post","type-post","status-publish","format-standard","has-post-thumbnail","hentry","category-noticias","has-post-title","has-post-date","has-post-category","has-post-tag","has-post-comment","has-post-author",""],"builder_content":"","_links":{"self":[{"href":"https:\/\/rafoldesalem.es\/es\/wp-json\/wp\/v2\/posts\/4981","targetHints":{"allow":["GET"]}}],"collection":[{"href":"https:\/\/rafoldesalem.es\/es\/wp-json\/wp\/v2\/posts"}],"about":[{"href":"https:\/\/rafoldesalem.es\/es\/wp-json\/wp\/v2\/types\/post"}],"author":[{"embeddable":true,"href":"https:\/\/rafoldesalem.es\/es\/wp-json\/wp\/v2\/users\/50"}],"replies":[{"embeddable":true,"href":"https:\/\/rafoldesalem.es\/es\/wp-json\/wp\/v2\/comments?post=4981"}],"version-history":[{"count":1,"href":"https:\/\/rafoldesalem.es\/es\/wp-json\/wp\/v2\/posts\/4981\/revisions"}],"predecessor-version":[{"id":4982,"href":"https:\/\/rafoldesalem.es\/es\/wp-json\/wp\/v2\/posts\/4981\/revisions\/4982"}],"wp:featuredmedia":[{"embeddable":true,"href":"https:\/\/rafoldesalem.es\/es\/wp-json\/wp\/v2\/media\/4979"}],"wp:attachment":[{"href":"https:\/\/rafoldesalem.es\/es\/wp-json\/wp\/v2\/media?parent=4981"}],"wp:term":[{"taxonomy":"category","embeddable":true,"href":"https:\/\/rafoldesalem.es\/es\/wp-json\/wp\/v2\/categories?post=4981"},{"taxonomy":"post_tag","embeddable":true,"href":"https:\/\/rafoldesalem.es\/es\/wp-json\/wp\/v2\/tags?post=4981"}],"curies":[{"name":"wp","href":"https:\/\/api.w.org\/{rel}","templated":true}]}}