{"id":4992,"date":"2024-11-29T11:27:00","date_gmt":"2024-11-29T10:27:00","guid":{"rendered":"https:\/\/rafoldesalem.es\/?p=4992"},"modified":"2025-09-22T11:32:50","modified_gmt":"2025-09-22T09:32:50","slug":"rafol-de-salem-recibe-una-ayuda-de-la-conselleria-de-innovacion-industria-comercio-y-turismo-en-materia-de-comercio-consumo-y-artesania","status":"publish","type":"post","link":"https:\/\/rafoldesalem.es\/es\/rafol-de-salem-recibe-una-ayuda-de-la-conselleria-de-innovacion-industria-comercio-y-turismo-en-materia-de-comercio-consumo-y-artesania\/","title":{"rendered":"R\u00e1fol de Salem recibe una ayuda de la Conseller\u00eda de Innovaci\u00f3n, Industria, Comercio y Turismo en materia de comercio, consumo y artesan\u00eda."},"content":{"rendered":"<!-- wp:themify-builder\/canvas \/-->\n\n\n<p>El Ayuntamiento de R\u00e1fol de Salem ha recibido una subvenci\u00f3n de 12.342,35 \u20ac, concedida por la Conseller\u00eda de Innovaci\u00f3n, Industria, Comercio y Turismo , destinada al comercio, consumo y artesan\u00eda rural.<\/p>\n\n\n\n<p>Este apoyo ha permitido dar un impulso a la feria artesanal de San Blai, as\u00ed como instaurar el d\u00eda del comercio llevado a cabo el pasado 25 de octubre, y poner en marcha la campa\u00f1a de los bonos de  comercio en el pueblo para incentivar la compra de productos de calidad y proximidad.<\/p>\n\n\n\n<div data-wp-interactive=\"core\/file\" class=\"wp-block-file\"><object data-wp-bind--hidden=\"!state.hasPdfPreview\" hidden class=\"wp-block-file__embed\" data=\"https:\/\/rafoldesalem.es\/wp-content\/uploads\/2025\/09\/RESOLUCIO-CONCESSIO-1.pdf\" type=\"application\/pdf\" style=\"width:100%;height:600px\" aria-label=\"Incrustado de RESOLUCI\u00d3 CONCESSI\u00d3.\"><\/object><a id=\"wp-block-file--media-904674c9-e546-4ee1-bfb2-ac8a6f0e3686\" href=\"https:\/\/rafoldesalem.es\/wp-content\/uploads\/2025\/09\/RESOLUCIO-CONCESSIO-1.pdf\">RESOLUCI\u00d3 CONCESSI\u00d3<\/a><a href=\"https:\/\/rafoldesalem.es\/wp-content\/uploads\/2025\/09\/RESOLUCIO-CONCESSIO-1.pdf\" class=\"wp-block-file__button wp-element-button\" download aria-describedby=\"wp-block-file--media-904674c9-e546-4ee1-bfb2-ac8a6f0e3686\">Descarga<\/a><\/div>\n","protected":false},"excerpt":{"rendered":"<p>El Ayuntamiento de R\u00e1fol de Salem ha recibido una subvenci\u00f3n de 12.342,35 \u20ac, concedida por la Conseller\u00eda de Innovaci\u00f3n, Industria, Comercio y Turismo , destinada al comercio, consumo y artesan\u00eda rural. Este apoyo ha permitido dar un impulso a la feria artesanal de San Blai, as\u00ed como instaurar el d\u00eda del comercio llevado a cabo [&hellip;]<\/p>\n","protected":false},"author":50,"featured_media":4990,"comment_status":"closed","ping_status":"closed","sticky":false,"template":"","format":"standard","meta":{"footnotes":""},"categories":[4],"tags":[],"class_list":["post-4992","post","type-post","status-publish","format-standard","has-post-thumbnail","hentry","category-noticias","has-post-title","has-post-date","has-post-category","has-post-tag","has-post-comment","has-post-author",""],"builder_content":"","_links":{"self":[{"href":"https:\/\/rafoldesalem.es\/es\/wp-json\/wp\/v2\/posts\/4992","targetHints":{"allow":["GET"]}}],"collection":[{"href":"https:\/\/rafoldesalem.es\/es\/wp-json\/wp\/v2\/posts"}],"about":[{"href":"https:\/\/rafoldesalem.es\/es\/wp-json\/wp\/v2\/types\/post"}],"author":[{"embeddable":true,"href":"https:\/\/rafoldesalem.es\/es\/wp-json\/wp\/v2\/users\/50"}],"replies":[{"embeddable":true,"href":"https:\/\/rafoldesalem.es\/es\/wp-json\/wp\/v2\/comments?post=4992"}],"version-history":[{"count":1,"href":"https:\/\/rafoldesalem.es\/es\/wp-json\/wp\/v2\/posts\/4992\/revisions"}],"predecessor-version":[{"id":4995,"href":"https:\/\/rafoldesalem.es\/es\/wp-json\/wp\/v2\/posts\/4992\/revisions\/4995"}],"wp:featuredmedia":[{"embeddable":true,"href":"https:\/\/rafoldesalem.es\/es\/wp-json\/wp\/v2\/media\/4990"}],"wp:attachment":[{"href":"https:\/\/rafoldesalem.es\/es\/wp-json\/wp\/v2\/media?parent=4992"}],"wp:term":[{"taxonomy":"category","embeddable":true,"href":"https:\/\/rafoldesalem.es\/es\/wp-json\/wp\/v2\/categories?post=4992"},{"taxonomy":"post_tag","embeddable":true,"href":"https:\/\/rafoldesalem.es\/es\/wp-json\/wp\/v2\/tags?post=4992"}],"curies":[{"name":"wp","href":"https:\/\/api.w.org\/{rel}","templated":true}]}}