{"id":5024,"date":"2024-12-13T14:07:00","date_gmt":"2024-12-13T13:07:00","guid":{"rendered":"https:\/\/rafoldesalem.es\/?p=5024"},"modified":"2025-09-22T14:10:54","modified_gmt":"2025-09-22T12:10:54","slug":"el-ayuntamiento-del-rafol-de-salem-recibe-una-subvencion-de-la-conselleria-de-vicepresidencia-primera-y-conselleria-de-servicios-sociales-igualdad-y-vivienda-para-programas-de-promocion-de-los-derech","status":"publish","type":"post","link":"https:\/\/rafoldesalem.es\/es\/el-ayuntamiento-del-rafol-de-salem-recibe-una-subvencion-de-la-conselleria-de-vicepresidencia-primera-y-conselleria-de-servicios-sociales-igualdad-y-vivienda-para-programas-de-promocion-de-los-derech\/","title":{"rendered":"El Ayuntamiento del R\u00e1fol de Salem recibe una subvenci\u00f3n de la Conseller\u00eda de Vicepresidencia Primera y Conseller\u00eda de Servicios Sociales, Igualdad y vivienda para programas de promoci\u00f3n de los derechos de infancia y de participaci\u00f3n infantil"},"content":{"rendered":"<!-- wp:themify-builder\/canvas \/-->\n\n\n<p>El Ayuntamiento de R\u00e1fol de Salem ha recibido una subvenci\u00f3n por importe de 6.446,77 \u20ac concedida por la Conseller\u00eda de Vicepresidencia Primera y Conseller\u00eda de Servicios Sociales, Igualdad y vivienda para programas de promoci\u00f3n de los derechos de infancia y de participaci\u00f3n infantil.<\/p>\n\n\n\n<p>Con esta ayuda se llevar\u00e1 a cabo acciones del PROGRAMA DE ACCIONES DEL CONSEJO De INFANCIA Y ADOLESCENCIA DEL R\u00c1FOL DE SALEM-2024<\/p>\n\n\n\n<div class=\"wp-block-file\"><a id=\"wp-block-file--media-9f44d307-8ee6-4407-9361-5b84bbcedd89\" href=\"https:\/\/rafoldesalem.es\/wp-content\/uploads\/2025\/09\/resolucio-concesio-drets-dinfancia-1.pdf\">resoluci\u00f3 concesi\u00f3 drets d&#8217;infancia<\/a><a href=\"https:\/\/rafoldesalem.es\/wp-content\/uploads\/2025\/09\/resolucio-concesio-drets-dinfancia-1.pdf\" class=\"wp-block-file__button wp-element-button\" download aria-describedby=\"wp-block-file--media-9f44d307-8ee6-4407-9361-5b84bbcedd89\">Descarga<\/a><\/div>\n","protected":false},"excerpt":{"rendered":"<p>El Ayuntamiento de R\u00e1fol de Salem ha recibido una subvenci\u00f3n por importe de 6.446,77 \u20ac concedida por la Conseller\u00eda de Vicepresidencia Primera y Conseller\u00eda de Servicios Sociales, Igualdad y vivienda para programas de promoci\u00f3n de los derechos de infancia y de participaci\u00f3n infantil. Con esta ayuda se llevar\u00e1 a cabo acciones del PROGRAMA DE ACCIONES [&hellip;]<\/p>\n","protected":false},"author":50,"featured_media":5023,"comment_status":"closed","ping_status":"closed","sticky":false,"template":"","format":"standard","meta":{"footnotes":""},"categories":[4],"tags":[],"class_list":["post-5024","post","type-post","status-publish","format-standard","has-post-thumbnail","hentry","category-noticias","has-post-title","has-post-date","has-post-category","has-post-tag","has-post-comment","has-post-author",""],"builder_content":"","_links":{"self":[{"href":"https:\/\/rafoldesalem.es\/es\/wp-json\/wp\/v2\/posts\/5024","targetHints":{"allow":["GET"]}}],"collection":[{"href":"https:\/\/rafoldesalem.es\/es\/wp-json\/wp\/v2\/posts"}],"about":[{"href":"https:\/\/rafoldesalem.es\/es\/wp-json\/wp\/v2\/types\/post"}],"author":[{"embeddable":true,"href":"https:\/\/rafoldesalem.es\/es\/wp-json\/wp\/v2\/users\/50"}],"replies":[{"embeddable":true,"href":"https:\/\/rafoldesalem.es\/es\/wp-json\/wp\/v2\/comments?post=5024"}],"version-history":[{"count":1,"href":"https:\/\/rafoldesalem.es\/es\/wp-json\/wp\/v2\/posts\/5024\/revisions"}],"predecessor-version":[{"id":5027,"href":"https:\/\/rafoldesalem.es\/es\/wp-json\/wp\/v2\/posts\/5024\/revisions\/5027"}],"wp:featuredmedia":[{"embeddable":true,"href":"https:\/\/rafoldesalem.es\/es\/wp-json\/wp\/v2\/media\/5023"}],"wp:attachment":[{"href":"https:\/\/rafoldesalem.es\/es\/wp-json\/wp\/v2\/media?parent=5024"}],"wp:term":[{"taxonomy":"category","embeddable":true,"href":"https:\/\/rafoldesalem.es\/es\/wp-json\/wp\/v2\/categories?post=5024"},{"taxonomy":"post_tag","embeddable":true,"href":"https:\/\/rafoldesalem.es\/es\/wp-json\/wp\/v2\/tags?post=5024"}],"curies":[{"name":"wp","href":"https:\/\/api.w.org\/{rel}","templated":true}]}}