{"id":5056,"date":"2025-06-04T08:07:00","date_gmt":"2025-06-04T06:07:00","guid":{"rendered":"https:\/\/rafoldesalem.es\/?p=5056"},"modified":"2025-09-23T08:09:46","modified_gmt":"2025-09-23T06:09:46","slug":"rafol-de-salem-consigue-una-subvencion-para-promover-la-proteccion-y-el-desarrollo-del-patrimonio-local","status":"publish","type":"post","link":"https:\/\/rafoldesalem.es\/es\/rafol-de-salem-consigue-una-subvencion-para-promover-la-proteccion-y-el-desarrollo-del-patrimonio-local\/","title":{"rendered":"R\u00e1fol de Salem consigue una subvenci\u00f3n para promover la protecci\u00f3n y el desarrollo del patrimonio local"},"content":{"rendered":"<!-- wp:themify-builder\/canvas \/-->\n\n\n<p>Mediante RESOLUCI\u00d3N de 2 de junio de 2025, sobre las ayudas destinadas a financiar actuaciones y promover la protecci\u00f3n, el fomento y desarrollo del patrimonio y la dinamizaci\u00f3n cultural y la adecuaci\u00f3n y renovaci\u00f3n de bienes y espacios municipales de la Comunidad Valenciana, de la Presidencia de la Generalitat, R\u00e1fol de Salem ha obtenido una ayuda de 53.238,49 \u20ac destinada en el estudio arqueol\u00f3gico y consolidaci\u00f3n del sector sur oeste de la muralla del yacimiento del Corralet del R\u00e1fol de Salem.<\/p>\n\n\n\n<div class=\"wp-block-file\"><a id=\"wp-block-file--media-c497e0f9-1450-4149-8457-b98e99ed6279\" href=\"https:\/\/rafoldesalem.es\/wp-content\/uploads\/2025\/09\/RESOLUCIO-concessio-de-lajuda-1.pdf\">RESOLUCI\u00d3 concessi\u00f3 de l&#8217;ajuda<\/a><a href=\"https:\/\/rafoldesalem.es\/wp-content\/uploads\/2025\/09\/RESOLUCIO-concessio-de-lajuda-1.pdf\" class=\"wp-block-file__button wp-element-button\" download aria-describedby=\"wp-block-file--media-c497e0f9-1450-4149-8457-b98e99ed6279\">Descarga<\/a><\/div>\n","protected":false},"excerpt":{"rendered":"<p>Mediante RESOLUCI\u00d3N de 2 de junio de 2025, sobre las ayudas destinadas a financiar actuaciones y promover la protecci\u00f3n, el fomento y desarrollo del patrimonio y la dinamizaci\u00f3n cultural y la adecuaci\u00f3n y renovaci\u00f3n de bienes y espacios municipales de la Comunidad Valenciana, de la Presidencia de la Generalitat, R\u00e1fol de Salem ha obtenido una [&hellip;]<\/p>\n","protected":false},"author":50,"featured_media":5054,"comment_status":"closed","ping_status":"closed","sticky":false,"template":"","format":"standard","meta":{"footnotes":""},"categories":[4],"tags":[],"class_list":["post-5056","post","type-post","status-publish","format-standard","has-post-thumbnail","hentry","category-noticias","has-post-title","has-post-date","has-post-category","has-post-tag","has-post-comment","has-post-author",""],"builder_content":"","_links":{"self":[{"href":"https:\/\/rafoldesalem.es\/es\/wp-json\/wp\/v2\/posts\/5056","targetHints":{"allow":["GET"]}}],"collection":[{"href":"https:\/\/rafoldesalem.es\/es\/wp-json\/wp\/v2\/posts"}],"about":[{"href":"https:\/\/rafoldesalem.es\/es\/wp-json\/wp\/v2\/types\/post"}],"author":[{"embeddable":true,"href":"https:\/\/rafoldesalem.es\/es\/wp-json\/wp\/v2\/users\/50"}],"replies":[{"embeddable":true,"href":"https:\/\/rafoldesalem.es\/es\/wp-json\/wp\/v2\/comments?post=5056"}],"version-history":[{"count":1,"href":"https:\/\/rafoldesalem.es\/es\/wp-json\/wp\/v2\/posts\/5056\/revisions"}],"predecessor-version":[{"id":5059,"href":"https:\/\/rafoldesalem.es\/es\/wp-json\/wp\/v2\/posts\/5056\/revisions\/5059"}],"wp:featuredmedia":[{"embeddable":true,"href":"https:\/\/rafoldesalem.es\/es\/wp-json\/wp\/v2\/media\/5054"}],"wp:attachment":[{"href":"https:\/\/rafoldesalem.es\/es\/wp-json\/wp\/v2\/media?parent=5056"}],"wp:term":[{"taxonomy":"category","embeddable":true,"href":"https:\/\/rafoldesalem.es\/es\/wp-json\/wp\/v2\/categories?post=5056"},{"taxonomy":"post_tag","embeddable":true,"href":"https:\/\/rafoldesalem.es\/es\/wp-json\/wp\/v2\/tags?post=5056"}],"curies":[{"name":"wp","href":"https:\/\/api.w.org\/{rel}","templated":true}]}}