{"id":5065,"date":"2025-07-02T08:20:00","date_gmt":"2025-07-02T06:20:00","guid":{"rendered":"https:\/\/rafoldesalem.es\/?p=5065"},"modified":"2025-09-23T08:24:58","modified_gmt":"2025-09-23T06:24:58","slug":"rafol-de-salem-recibe-la-subvencion-de-sarc-para-su-programacion-cultural-y-fiestas-populares-2","status":"publish","type":"post","link":"https:\/\/rafoldesalem.es\/es\/rafol-de-salem-recibe-la-subvencion-de-sarc-para-su-programacion-cultural-y-fiestas-populares-2\/","title":{"rendered":"R\u00e1fol de Salem recibe la subvenci\u00f3n de SARC para su programaci\u00f3n cultural y fiestas populares."},"content":{"rendered":"<!-- wp:themify-builder\/canvas \/-->\n\n\n<p>\u2060El Ayuntamiento recibe una ayuda de 9.928,72 euros para impulsar la cultura y las tradiciones locales<\/p>\n\n\n\n<p>El Ayuntamiento de R\u00e1fol de Salem ha sido beneficiario de una subvenci\u00f3n de 9.928,72 euros del Programa SARC (Servicio de Asistencia y Recursos Culturales) de la Diputaci\u00f3n de Val\u00e8ncia, con el objetivo de fomentar la cultura y mantener las tradiciones que son parte esencial de la vida del municipio.<\/p>\n\n\n\n<p>Carolina Mengual, alcaldesa de R\u00e1fol de Salem, ha destacado la importancia de esta subvenci\u00f3n para el desarrollo cultural del pueblo: \u201cEsta ayuda del SARC es una gran oportunidad para seguir impulsando nuestra programaci\u00f3n cultural, que incluye actividades diversas para todos los p\u00fablicos\u201d.<\/p>\n\n\n\n<p>Las ayudas del SARC est\u00e1n orientadas a apoyar en las programaciones culturales municipales y favorecer la consolidaci\u00f3n. Estos fondos tambi\u00e9n incluyen las fiestas populares en municipios de menos de 5.000 habitantes, con el objetivo de garantizar una oferta cultural diversificada y de calidad para todos los vecinos y vecinas.<\/p>\n\n\n\n<div class=\"wp-block-file\"><a id=\"wp-block-file--media-a6d0f7ce-3af3-4d46-b7a7-210da0826d20\" href=\"https:\/\/rafoldesalem.es\/wp-content\/uploads\/2025\/09\/Resolucio-CONCESSIO-DE-SARC-1.pdf\">Resoluci\u00f3 CONCESSI\u00d3 DE SARC<\/a><a href=\"https:\/\/rafoldesalem.es\/wp-content\/uploads\/2025\/09\/Resolucio-CONCESSIO-DE-SARC-1.pdf\" class=\"wp-block-file__button wp-element-button\" download aria-describedby=\"wp-block-file--media-a6d0f7ce-3af3-4d46-b7a7-210da0826d20\">Descarga<\/a><\/div>\n","protected":false},"excerpt":{"rendered":"<p>\u2060El Ayuntamiento recibe una ayuda de 9.928,72 euros para impulsar la cultura y las tradiciones locales El Ayuntamiento de R\u00e1fol de Salem ha sido beneficiario de una subvenci\u00f3n de 9.928,72 euros del Programa SARC (Servicio de Asistencia y Recursos Culturales) de la Diputaci\u00f3n de Val\u00e8ncia, con el objetivo de fomentar la cultura y mantener las [&hellip;]<\/p>\n","protected":false},"author":50,"featured_media":4660,"comment_status":"closed","ping_status":"closed","sticky":false,"template":"","format":"standard","meta":{"footnotes":""},"categories":[4],"tags":[],"class_list":["post-5065","post","type-post","status-publish","format-standard","has-post-thumbnail","hentry","category-noticias","has-post-title","has-post-date","has-post-category","has-post-tag","has-post-comment","has-post-author",""],"builder_content":"","_links":{"self":[{"href":"https:\/\/rafoldesalem.es\/es\/wp-json\/wp\/v2\/posts\/5065","targetHints":{"allow":["GET"]}}],"collection":[{"href":"https:\/\/rafoldesalem.es\/es\/wp-json\/wp\/v2\/posts"}],"about":[{"href":"https:\/\/rafoldesalem.es\/es\/wp-json\/wp\/v2\/types\/post"}],"author":[{"embeddable":true,"href":"https:\/\/rafoldesalem.es\/es\/wp-json\/wp\/v2\/users\/50"}],"replies":[{"embeddable":true,"href":"https:\/\/rafoldesalem.es\/es\/wp-json\/wp\/v2\/comments?post=5065"}],"version-history":[{"count":1,"href":"https:\/\/rafoldesalem.es\/es\/wp-json\/wp\/v2\/posts\/5065\/revisions"}],"predecessor-version":[{"id":5068,"href":"https:\/\/rafoldesalem.es\/es\/wp-json\/wp\/v2\/posts\/5065\/revisions\/5068"}],"wp:featuredmedia":[{"embeddable":true,"href":"https:\/\/rafoldesalem.es\/es\/wp-json\/wp\/v2\/media\/4660"}],"wp:attachment":[{"href":"https:\/\/rafoldesalem.es\/es\/wp-json\/wp\/v2\/media?parent=5065"}],"wp:term":[{"taxonomy":"category","embeddable":true,"href":"https:\/\/rafoldesalem.es\/es\/wp-json\/wp\/v2\/categories?post=5065"},{"taxonomy":"post_tag","embeddable":true,"href":"https:\/\/rafoldesalem.es\/es\/wp-json\/wp\/v2\/tags?post=5065"}],"curies":[{"name":"wp","href":"https:\/\/api.w.org\/{rel}","templated":true}]}}