{"id":5086,"date":"2025-06-04T09:08:00","date_gmt":"2025-06-04T07:08:00","guid":{"rendered":"https:\/\/rafoldesalem.es\/?p=5086"},"modified":"2025-09-23T09:11:14","modified_gmt":"2025-09-23T07:11:14","slug":"concedida-la-subvencion-de-la-conselleria-de-justicia-y-administraciones-publicas-destinada-a-financiar-los-gastos-del-juzgado-de-paz-al-rafol-de-salem","status":"publish","type":"post","link":"https:\/\/rafoldesalem.es\/es\/concedida-la-subvencion-de-la-conselleria-de-justicia-y-administraciones-publicas-destinada-a-financiar-los-gastos-del-juzgado-de-paz-al-rafol-de-salem\/","title":{"rendered":"Concedida la subvenci\u00f3n de la Conseller\u00eda de Justicia y Administraciones p\u00fablicas destinada a financiar los gastos del juzgado de paz al R\u00e0fol de Salem."},"content":{"rendered":"<!-- wp:themify-builder\/canvas \/-->\n\n\n<p>R\u00e1fol de Salem ha recibido una subvenci\u00f3n por parte de la Conseller\u00eda de Justicia y Administraciones p\u00fablicas destinadas a la financiaci\u00f3n de los gastos del juzgado de paz, el importe de la cual ha sido de 635,80 \u20ac para el personal no funcionarial que ostenta la secretar\u00eda y de 400,00 \u20ac para cubrir gastos de material.<\/p>\n\n\n\n<div class=\"wp-block-file\"><a id=\"wp-block-file--media-40365bac-87b6-44f7-8c8a-7aec0fd8978e\" href=\"https:\/\/rafoldesalem.es\/wp-content\/uploads\/2025\/09\/RESOLUCIO-concessio-jutjat-de-pau-1.pdf\">RESOLUCI\u00d3 concessi\u00f3 jutjat de pau<\/a><a href=\"https:\/\/rafoldesalem.es\/wp-content\/uploads\/2025\/09\/RESOLUCIO-concessio-jutjat-de-pau-1.pdf\" class=\"wp-block-file__button wp-element-button\" download aria-describedby=\"wp-block-file--media-40365bac-87b6-44f7-8c8a-7aec0fd8978e\">Descarga<\/a><\/div>\n\n\n\n<figure class=\"wp-block-image size-full\"><img loading=\"lazy\" decoding=\"async\" width=\"279\" height=\"139\" src=\"https:\/\/rafoldesalem.es\/wp-content\/uploads\/2025\/09\/CONSELLERIA-DE-JUSTICIA-LOGO.png\" alt=\"\" class=\"wp-image-5084\"\/><\/figure>\n","protected":false},"excerpt":{"rendered":"<p>R\u00e1fol de Salem ha recibido una subvenci\u00f3n por parte de la Conseller\u00eda de Justicia y Administraciones p\u00fablicas destinadas a la financiaci\u00f3n de los gastos del juzgado de paz, el importe de la cual ha sido de 635,80 \u20ac para el personal no funcionarial que ostenta la secretar\u00eda y de 400,00 \u20ac para cubrir gastos de [&hellip;]<\/p>\n","protected":false},"author":50,"featured_media":5082,"comment_status":"closed","ping_status":"closed","sticky":false,"template":"","format":"standard","meta":{"footnotes":""},"categories":[4],"tags":[],"class_list":["post-5086","post","type-post","status-publish","format-standard","has-post-thumbnail","hentry","category-noticias","has-post-title","has-post-date","has-post-category","has-post-tag","has-post-comment","has-post-author",""],"builder_content":"","_links":{"self":[{"href":"https:\/\/rafoldesalem.es\/es\/wp-json\/wp\/v2\/posts\/5086","targetHints":{"allow":["GET"]}}],"collection":[{"href":"https:\/\/rafoldesalem.es\/es\/wp-json\/wp\/v2\/posts"}],"about":[{"href":"https:\/\/rafoldesalem.es\/es\/wp-json\/wp\/v2\/types\/post"}],"author":[{"embeddable":true,"href":"https:\/\/rafoldesalem.es\/es\/wp-json\/wp\/v2\/users\/50"}],"replies":[{"embeddable":true,"href":"https:\/\/rafoldesalem.es\/es\/wp-json\/wp\/v2\/comments?post=5086"}],"version-history":[{"count":1,"href":"https:\/\/rafoldesalem.es\/es\/wp-json\/wp\/v2\/posts\/5086\/revisions"}],"predecessor-version":[{"id":5089,"href":"https:\/\/rafoldesalem.es\/es\/wp-json\/wp\/v2\/posts\/5086\/revisions\/5089"}],"wp:featuredmedia":[{"embeddable":true,"href":"https:\/\/rafoldesalem.es\/es\/wp-json\/wp\/v2\/media\/5082"}],"wp:attachment":[{"href":"https:\/\/rafoldesalem.es\/es\/wp-json\/wp\/v2\/media?parent=5086"}],"wp:term":[{"taxonomy":"category","embeddable":true,"href":"https:\/\/rafoldesalem.es\/es\/wp-json\/wp\/v2\/categories?post=5086"},{"taxonomy":"post_tag","embeddable":true,"href":"https:\/\/rafoldesalem.es\/es\/wp-json\/wp\/v2\/tags?post=5086"}],"curies":[{"name":"wp","href":"https:\/\/api.w.org\/{rel}","templated":true}]}}