{"id":5096,"date":"2025-07-25T09:20:00","date_gmt":"2025-07-25T07:20:00","guid":{"rendered":"https:\/\/rafoldesalem.es\/?p=5096"},"modified":"2025-09-23T09:22:00","modified_gmt":"2025-09-23T07:22:00","slug":"el-ayuntamiento-de-rafol-de-salem-recibe-una-subvencion-de-la-conselleria-de-sanidad-para-el-despliegue-del-plan-de-salud","status":"publish","type":"post","link":"https:\/\/rafoldesalem.es\/es\/el-ayuntamiento-de-rafol-de-salem-recibe-una-subvencion-de-la-conselleria-de-sanidad-para-el-despliegue-del-plan-de-salud\/","title":{"rendered":"El Ayuntamiento de R\u00e1fol de Salem recibe una subvenci\u00f3n de la Conseller\u00eda de Sanidad para el despliegue del Plan de Salud"},"content":{"rendered":"<!-- wp:themify-builder\/canvas \/-->\n\n\n<p>El Ayuntamiento de R\u00e1fol de Salem ha recibido una subvenci\u00f3n por importe de 1.897,04 \u20ac concedida por la Conseller\u00eda de Sanidad de la Generalitat Valenciana, destinada a llevar a cabo acciones para el despliegue del Plan de Salud<\/p>\n\n\n\n<div class=\"wp-block-file\"><a id=\"wp-block-file--media-c32321db-c04f-4804-be56-b9672cad6502\" href=\"https:\/\/rafoldesalem.es\/wp-content\/uploads\/2025\/09\/RESOLUCION-concesion-del-plan-de-salud-1.pdf\">RESOLUCI\u00d3N concesi\u00f3n del plan de salud<\/a><a href=\"https:\/\/rafoldesalem.es\/wp-content\/uploads\/2025\/09\/RESOLUCION-concesion-del-plan-de-salud-1.pdf\" class=\"wp-block-file__button wp-element-button\" download aria-describedby=\"wp-block-file--media-c32321db-c04f-4804-be56-b9672cad6502\">Descarga<\/a><\/div>\n\n\n\n<figure class=\"wp-block-image size-large\"><img loading=\"lazy\" decoding=\"async\" width=\"1024\" height=\"557\" src=\"https:\/\/rafoldesalem.es\/wp-content\/uploads\/2025\/09\/CONSELLERIA-DE-SANITAT-1024x557.png\" alt=\"\" class=\"wp-image-5008\" srcset=\"https:\/\/rafoldesalem.es\/wp-content\/uploads\/2025\/09\/CONSELLERIA-DE-SANITAT-1024x557.png 1024w, https:\/\/rafoldesalem.es\/wp-content\/uploads\/2025\/09\/CONSELLERIA-DE-SANITAT-300x163.png 300w, https:\/\/rafoldesalem.es\/wp-content\/uploads\/2025\/09\/CONSELLERIA-DE-SANITAT-768x418.png 768w, https:\/\/rafoldesalem.es\/wp-content\/uploads\/2025\/09\/CONSELLERIA-DE-SANITAT.png 1297w\" sizes=\"auto, (max-width: 1024px) 100vw, 1024px\" \/><\/figure>\n","protected":false},"excerpt":{"rendered":"<p>El Ayuntamiento de R\u00e1fol de Salem ha recibido una subvenci\u00f3n por importe de 1.897,04 \u20ac concedida por la Conseller\u00eda de Sanidad de la Generalitat Valenciana, destinada a llevar a cabo acciones para el despliegue del Plan de Salud<\/p>\n","protected":false},"author":50,"featured_media":5094,"comment_status":"closed","ping_status":"closed","sticky":false,"template":"","format":"standard","meta":{"footnotes":""},"categories":[4],"tags":[],"class_list":["post-5096","post","type-post","status-publish","format-standard","has-post-thumbnail","hentry","category-noticias","has-post-title","has-post-date","has-post-category","has-post-tag","has-post-comment","has-post-author",""],"builder_content":"","_links":{"self":[{"href":"https:\/\/rafoldesalem.es\/es\/wp-json\/wp\/v2\/posts\/5096","targetHints":{"allow":["GET"]}}],"collection":[{"href":"https:\/\/rafoldesalem.es\/es\/wp-json\/wp\/v2\/posts"}],"about":[{"href":"https:\/\/rafoldesalem.es\/es\/wp-json\/wp\/v2\/types\/post"}],"author":[{"embeddable":true,"href":"https:\/\/rafoldesalem.es\/es\/wp-json\/wp\/v2\/users\/50"}],"replies":[{"embeddable":true,"href":"https:\/\/rafoldesalem.es\/es\/wp-json\/wp\/v2\/comments?post=5096"}],"version-history":[{"count":1,"href":"https:\/\/rafoldesalem.es\/es\/wp-json\/wp\/v2\/posts\/5096\/revisions"}],"predecessor-version":[{"id":5099,"href":"https:\/\/rafoldesalem.es\/es\/wp-json\/wp\/v2\/posts\/5096\/revisions\/5099"}],"wp:featuredmedia":[{"embeddable":true,"href":"https:\/\/rafoldesalem.es\/es\/wp-json\/wp\/v2\/media\/5094"}],"wp:attachment":[{"href":"https:\/\/rafoldesalem.es\/es\/wp-json\/wp\/v2\/media?parent=5096"}],"wp:term":[{"taxonomy":"category","embeddable":true,"href":"https:\/\/rafoldesalem.es\/es\/wp-json\/wp\/v2\/categories?post=5096"},{"taxonomy":"post_tag","embeddable":true,"href":"https:\/\/rafoldesalem.es\/es\/wp-json\/wp\/v2\/tags?post=5096"}],"curies":[{"name":"wp","href":"https:\/\/api.w.org\/{rel}","templated":true}]}}