{"id":5114,"date":"2025-05-29T10:03:00","date_gmt":"2025-05-29T08:03:00","guid":{"rendered":"https:\/\/rafoldesalem.es\/?p=5114"},"modified":"2025-09-23T10:05:22","modified_gmt":"2025-09-23T08:05:22","slug":"el-ayuntamiento-de-rafol-de-salem-recibe-una-ayuda-de-concesion-directa-para-la-prevencion-de-incendios-y-gestion-forestal-2025","status":"publish","type":"post","link":"https:\/\/rafoldesalem.es\/es\/el-ayuntamiento-de-rafol-de-salem-recibe-una-ayuda-de-concesion-directa-para-la-prevencion-de-incendios-y-gestion-forestal-2025\/","title":{"rendered":"El Ayuntamiento de R\u00e1fol de Salem recibe una ayuda de concesi\u00f3n directa para la prevenci\u00f3n de incendios y gesti\u00f3n forestal 2025"},"content":{"rendered":"<!-- wp:themify-builder\/canvas \/-->\n\n\n<p>Mediante la RESOLUCI\u00d3N de 26 de mayo de 2025, de la Conseller\u00eda de Medio Ambiente, Infraestructuras y Territorio, de concesi\u00f3n directa de subvenci\u00f3n a los ayuntamientos de la Comunidad Valenciana, con el Plan local de prevenci\u00f3n de incendios forestales aprobado para la ejecuci\u00f3n del Fondo Estrat\u00e9gico Municipal de Prevenci\u00f3n de incendios y Gesti\u00f3n Forestal durante el a\u00f1o 2025, se concede en el Ayuntamiento de R\u00e1fol de Salem una subvenci\u00f3n de <strong>9.521,92 \u20ac<\/strong><\/p>\n\n\n\n<div class=\"wp-block-file\"><a id=\"wp-block-file--media-7c3faf98-2f83-4500-8d5d-ef1a4d1e1ebe\" href=\"https:\/\/rafoldesalem.es\/wp-content\/uploads\/2025\/09\/RESOLUCIO-CONCESSIO-2025_18886_es-1.pdf\">RESOLUCI\u00d3 CONCESSI\u00d3 2025_18886_es<\/a><a href=\"https:\/\/rafoldesalem.es\/wp-content\/uploads\/2025\/09\/RESOLUCIO-CONCESSIO-2025_18886_es-1.pdf\" class=\"wp-block-file__button wp-element-button\" download aria-describedby=\"wp-block-file--media-7c3faf98-2f83-4500-8d5d-ef1a4d1e1ebe\">Descarga<\/a><\/div>\n","protected":false},"excerpt":{"rendered":"<p>Mediante la RESOLUCI\u00d3N de 26 de mayo de 2025, de la Conseller\u00eda de Medio Ambiente, Infraestructuras y Territorio, de concesi\u00f3n directa de subvenci\u00f3n a los ayuntamientos de la Comunidad Valenciana, con el Plan local de prevenci\u00f3n de incendios forestales aprobado para la ejecuci\u00f3n del Fondo Estrat\u00e9gico Municipal de Prevenci\u00f3n de incendios y Gesti\u00f3n Forestal durante [&hellip;]<\/p>\n","protected":false},"author":50,"featured_media":5112,"comment_status":"closed","ping_status":"closed","sticky":false,"template":"","format":"standard","meta":{"footnotes":""},"categories":[4],"tags":[],"class_list":["post-5114","post","type-post","status-publish","format-standard","has-post-thumbnail","hentry","category-noticias","has-post-title","has-post-date","has-post-category","has-post-tag","has-post-comment","has-post-author",""],"builder_content":"","_links":{"self":[{"href":"https:\/\/rafoldesalem.es\/es\/wp-json\/wp\/v2\/posts\/5114","targetHints":{"allow":["GET"]}}],"collection":[{"href":"https:\/\/rafoldesalem.es\/es\/wp-json\/wp\/v2\/posts"}],"about":[{"href":"https:\/\/rafoldesalem.es\/es\/wp-json\/wp\/v2\/types\/post"}],"author":[{"embeddable":true,"href":"https:\/\/rafoldesalem.es\/es\/wp-json\/wp\/v2\/users\/50"}],"replies":[{"embeddable":true,"href":"https:\/\/rafoldesalem.es\/es\/wp-json\/wp\/v2\/comments?post=5114"}],"version-history":[{"count":1,"href":"https:\/\/rafoldesalem.es\/es\/wp-json\/wp\/v2\/posts\/5114\/revisions"}],"predecessor-version":[{"id":5117,"href":"https:\/\/rafoldesalem.es\/es\/wp-json\/wp\/v2\/posts\/5114\/revisions\/5117"}],"wp:featuredmedia":[{"embeddable":true,"href":"https:\/\/rafoldesalem.es\/es\/wp-json\/wp\/v2\/media\/5112"}],"wp:attachment":[{"href":"https:\/\/rafoldesalem.es\/es\/wp-json\/wp\/v2\/media?parent=5114"}],"wp:term":[{"taxonomy":"category","embeddable":true,"href":"https:\/\/rafoldesalem.es\/es\/wp-json\/wp\/v2\/categories?post=5114"},{"taxonomy":"post_tag","embeddable":true,"href":"https:\/\/rafoldesalem.es\/es\/wp-json\/wp\/v2\/tags?post=5114"}],"curies":[{"name":"wp","href":"https:\/\/api.w.org\/{rel}","templated":true}]}}