{"id":5312,"date":"2025-12-19T11:42:00","date_gmt":"2025-12-19T10:42:00","guid":{"rendered":"https:\/\/rafoldesalem.es\/?p=5312"},"modified":"2026-01-16T12:01:53","modified_gmt":"2026-01-16T11:01:53","slug":"el-rafol-de-salem-recibe-una-subvencion-de-la-diputacio-de-valencia-para-la-feria-y-el-mercado-de-navidad","status":"publish","type":"post","link":"https:\/\/rafoldesalem.es\/es\/el-rafol-de-salem-recibe-una-subvencion-de-la-diputacio-de-valencia-para-la-feria-y-el-mercado-de-navidad\/","title":{"rendered":"El R\u00e0fol de Salem recibe una subvenci\u00f3n de la Diputaci\u00f3 de Val\u00e8ncia para la Feria y el Mercado de Navidad"},"content":{"rendered":"<!-- wp:themify-builder\/canvas \/-->\n\n\n<p>El Ayuntamiento de El R\u00e1fol de Salem ha recibido una subvenci\u00f3n de la Diputaci\u00f3n de Val\u00e8ncia, a trav\u00e9s del Centro de Turismo y Deportes, destinada a apoyar la Feria y el Mercado de Navidad del municipio, dentro de la convocatoria dirigida a municipios de menos de 20.000 habitantes para ferias y mercados navide\u00f1os tur\u00edsticos y\/o gastron\u00f3micos, as\u00ed como para la edici\u00f3n de material de promoci\u00f3n tur\u00edstica, correspondiendo al a\u00f1o 2025.<\/p>\n\n\n\n<p>Esta ayuda permite reforzar una iniciativa que contribuye a dinamizar la actividad cultural, social y econ\u00f3mica del pueblo durante las fechas navide\u00f1as, poniendo en valor los productos locales y el ambiente festivo como atractivos tur\u00edsticos. Las ferias y mercados de Navidad son una oportunidad para impulsar el comercio local, atraer visitantes y consolidar el municipio como espacio de encuentro y convivencia.<\/p>\n\n\n\n<p>La subvenci\u00f3n ha sido concedida mediante Decreto de Presidencia de la Diputaci\u00f3n de Val\u00e8ncia, despu\u00e9s del proceso de valoraci\u00f3n de las solicitudes presentadas por los municipios de la provincia. En el caso de El R\u00e1fol de Salem, el importe concedido asciende a 4.865,27 euros, que se destinar\u00e1n al desarrollo de las actividades previstas en el marco de la Feria y el Mercado de Navidad.<\/p>\n\n\n\n<div class=\"wp-block-columns is-layout-flex wp-container-core-columns-is-layout-28f84493 wp-block-columns-is-layout-flex\">\n<div class=\"wp-block-column is-layout-flow wp-block-column-is-layout-flow\">\n<figure class=\"wp-block-image size-large\" style=\"margin-top:var(--wp--preset--spacing--30);margin-right:0;margin-bottom:var(--wp--preset--spacing--30);margin-left:0\"><img loading=\"lazy\" decoding=\"async\" width=\"1024\" height=\"410\" src=\"https:\/\/rafoldesalem.es\/wp-content\/uploads\/2025\/12\/Logotip_de_la_Diputacio_de_Valencia.svg-1024x410.png\" alt=\"\" class=\"wp-image-5231\" srcset=\"https:\/\/rafoldesalem.es\/wp-content\/uploads\/2025\/12\/Logotip_de_la_Diputacio_de_Valencia.svg-1024x410.png 1024w, https:\/\/rafoldesalem.es\/wp-content\/uploads\/2025\/12\/Logotip_de_la_Diputacio_de_Valencia.svg-300x120.png 300w, https:\/\/rafoldesalem.es\/wp-content\/uploads\/2025\/12\/Logotip_de_la_Diputacio_de_Valencia.svg-768x307.png 768w, https:\/\/rafoldesalem.es\/wp-content\/uploads\/2025\/12\/Logotip_de_la_Diputacio_de_Valencia.svg-1536x614.png 1536w, https:\/\/rafoldesalem.es\/wp-content\/uploads\/2025\/12\/Logotip_de_la_Diputacio_de_Valencia.svg-2048x819.png 2048w\" sizes=\"auto, (max-width: 1024px) 100vw, 1024px\" \/><\/figure>\n<\/div>\n\n\n\n<div class=\"wp-block-column is-layout-flow wp-block-column-is-layout-flow\">\n<figure class=\"wp-block-image size-full\"><img loading=\"lazy\" decoding=\"async\" width=\"856\" height=\"412\" src=\"https:\/\/rafoldesalem.es\/wp-content\/uploads\/2021\/11\/LOGO-turisme-diputacio.jpg\" alt=\"\" class=\"wp-image-1393\" srcset=\"https:\/\/rafoldesalem.es\/wp-content\/uploads\/2021\/11\/LOGO-turisme-diputacio.jpg 856w, https:\/\/rafoldesalem.es\/wp-content\/uploads\/2021\/11\/LOGO-turisme-diputacio-300x144.jpg 300w, https:\/\/rafoldesalem.es\/wp-content\/uploads\/2021\/11\/LOGO-turisme-diputacio-768x370.jpg 768w\" sizes=\"auto, (max-width: 856px) 100vw, 856px\" \/><\/figure>\n<\/div>\n<\/div>\n\n\n\n<p><\/p>\n","protected":false},"excerpt":{"rendered":"<p>El Ayuntamiento de El R\u00e1fol de Salem ha recibido una subvenci\u00f3n de la Diputaci\u00f3n de Val\u00e8ncia, a trav\u00e9s del Centro de Turismo y Deportes, destinada a apoyar la Feria y el Mercado de Navidad del municipio, dentro de la convocatoria dirigida a municipios de menos de 20.000 habitantes para ferias y mercados navide\u00f1os tur\u00edsticos y\/o [&hellip;]<\/p>\n","protected":false},"author":50,"featured_media":5307,"comment_status":"closed","ping_status":"closed","sticky":false,"template":"","format":"standard","meta":{"footnotes":""},"categories":[4],"tags":[],"class_list":["post-5312","post","type-post","status-publish","format-standard","has-post-thumbnail","hentry","category-noticias","has-post-title","has-post-date","has-post-category","has-post-tag","has-post-comment","has-post-author",""],"builder_content":"","_links":{"self":[{"href":"https:\/\/rafoldesalem.es\/es\/wp-json\/wp\/v2\/posts\/5312","targetHints":{"allow":["GET"]}}],"collection":[{"href":"https:\/\/rafoldesalem.es\/es\/wp-json\/wp\/v2\/posts"}],"about":[{"href":"https:\/\/rafoldesalem.es\/es\/wp-json\/wp\/v2\/types\/post"}],"author":[{"embeddable":true,"href":"https:\/\/rafoldesalem.es\/es\/wp-json\/wp\/v2\/users\/50"}],"replies":[{"embeddable":true,"href":"https:\/\/rafoldesalem.es\/es\/wp-json\/wp\/v2\/comments?post=5312"}],"version-history":[{"count":1,"href":"https:\/\/rafoldesalem.es\/es\/wp-json\/wp\/v2\/posts\/5312\/revisions"}],"predecessor-version":[{"id":5313,"href":"https:\/\/rafoldesalem.es\/es\/wp-json\/wp\/v2\/posts\/5312\/revisions\/5313"}],"wp:featuredmedia":[{"embeddable":true,"href":"https:\/\/rafoldesalem.es\/es\/wp-json\/wp\/v2\/media\/5307"}],"wp:attachment":[{"href":"https:\/\/rafoldesalem.es\/es\/wp-json\/wp\/v2\/media?parent=5312"}],"wp:term":[{"taxonomy":"category","embeddable":true,"href":"https:\/\/rafoldesalem.es\/es\/wp-json\/wp\/v2\/categories?post=5312"},{"taxonomy":"post_tag","embeddable":true,"href":"https:\/\/rafoldesalem.es\/es\/wp-json\/wp\/v2\/tags?post=5312"}],"curies":[{"name":"wp","href":"https:\/\/api.w.org\/{rel}","templated":true}]}}