{"id":5326,"date":"2025-11-27T08:40:18","date_gmt":"2025-11-27T07:40:18","guid":{"rendered":"https:\/\/rafoldesalem.es\/el-rafol-de-salem-recibe-una-subvencion-de-la-generalitat-valenciana-para-programas-de-atencion-a-las-personas-mayores-y-el-mundo-rural\/"},"modified":"2026-01-19T14:55:30","modified_gmt":"2026-01-19T13:55:30","slug":"el-rafol-de-salem-recibe-una-subvencion-de-la-generalitat-valenciana-para-programas-de-atencion-a-las-personas-mayores-y-el-mundo-rural","status":"publish","type":"post","link":"https:\/\/rafoldesalem.es\/es\/el-rafol-de-salem-recibe-una-subvencion-de-la-generalitat-valenciana-para-programas-de-atencion-a-las-personas-mayores-y-el-mundo-rural\/","title":{"rendered":"El R\u00e0fol de Salem recibe una subvenci\u00f3n de la Generalitat Valenciana para programas de atenci\u00f3n a las personas mayores y el mundo rural"},"content":{"rendered":"<!-- wp:themify-builder\/canvas \/-->\n<p>El Ayuntamiento de El R\u00e0fol de Salem ha sido beneficiario de una subvenci\u00f3n concedida por la Generalitat Valenciana, a trav\u00e9s de la Vicepresidencia Primera y Conselleria de Servicios Sociales, Igualdad y Vivienda, destinada al desarrollo de programas de atenci\u00f3n a las personas mayores y al mundo rural durante el a\u00f1o 2025.<\/p>\n\n<p>Esta ayuda permitir\u00e1 impulsar actuaciones orientadas a mejorar la calidad de vida de las personas mayores del municipio, promoviendo el envejecimiento activo, la atenci\u00f3n cercana y la lucha contra la soledad no deseada, especialmente en entornos rurales. Se trata de una l\u00ednea de soporte clave para garantizar servicios sociales de proximidad y reforzar la atenci\u00f3n a un colectivo fundamental para la cohesi\u00f3n social del pueblo. <\/p>\n\n<p>La subvenci\u00f3n ha sido concedida mediante resoluci\u00f3n de la Direcci\u00f3n General de Dependencia y de las Personas Mayores, dentro de la l\u00ednea S1126 \u00abProgramas de atenci\u00f3n a personas mayores y el mundo rural\u00bb, despu\u00e9s del correspondiente proceso de concurrencia competitiva. En el caso de R\u00e0fol de Salem, el importe concedido asciende a 3.995,97 euros, que se destinar\u00e1n al desarrollo de estas actuaciones sociales en el municipio. <\/p>\n\n<p>Con esta iniciativa, el Ayuntamiento de El R\u00e0fol de Salem refuerza su compromiso con las pol\u00edticas sociales, la atenci\u00f3n a las personas mayores y la defensa de un modelo de municipio que cuida su vecindario y apuesta por servicios sociales adaptados a la realidad rural.<\/p>\n\n<figure class=\"wp-block-image size-full is-resized\"><img loading=\"lazy\" decoding=\"async\" width=\"980\" height=\"505\" src=\"https:\/\/rafoldesalem.es\/wp-content\/uploads\/2025\/12\/Vicepresidencia-Primera-y-Conselleria-de-Servicios-Sociales-Igualdad-y-Vivienda-RGB.png\" alt=\"\" class=\"wp-image-5276\" style=\"width:429px;height:auto\" srcset=\"https:\/\/rafoldesalem.es\/wp-content\/uploads\/2025\/12\/Vicepresidencia-Primera-y-Conselleria-de-Servicios-Sociales-Igualdad-y-Vivienda-RGB.png 980w, https:\/\/rafoldesalem.es\/wp-content\/uploads\/2025\/12\/Vicepresidencia-Primera-y-Conselleria-de-Servicios-Sociales-Igualdad-y-Vivienda-RGB-300x155.png 300w, https:\/\/rafoldesalem.es\/wp-content\/uploads\/2025\/12\/Vicepresidencia-Primera-y-Conselleria-de-Servicios-Sociales-Igualdad-y-Vivienda-RGB-768x396.png 768w\" sizes=\"auto, (max-width: 980px) 100vw, 980px\" \/><\/figure>\n\n<p><\/p>\n","protected":false},"excerpt":{"rendered":"<p>El Ayuntamiento de El R\u00e0fol de Salem ha sido beneficiario de una subvenci\u00f3n concedida por la Generalitat Valenciana, a trav\u00e9s de la Vicepresidencia Primera y Conselleria de Servicios Sociales, Igualdad y Vivienda, destinada al desarrollo de programas de atenci\u00f3n a las personas mayores y al mundo rural durante el a\u00f1o 2025. Esta ayuda permitir\u00e1 impulsar [&hellip;]<\/p>\n","protected":false},"author":50,"featured_media":5279,"comment_status":"closed","ping_status":"closed","sticky":false,"template":"","format":"standard","meta":{"footnotes":""},"categories":[51],"tags":[],"class_list":["post-5326","post","type-post","status-publish","format-standard","has-post-thumbnail","hentry","category-subvenciones","has-post-title","has-post-date","has-post-category","has-post-tag","has-post-comment","has-post-author",""],"builder_content":"","_links":{"self":[{"href":"https:\/\/rafoldesalem.es\/es\/wp-json\/wp\/v2\/posts\/5326","targetHints":{"allow":["GET"]}}],"collection":[{"href":"https:\/\/rafoldesalem.es\/es\/wp-json\/wp\/v2\/posts"}],"about":[{"href":"https:\/\/rafoldesalem.es\/es\/wp-json\/wp\/v2\/types\/post"}],"author":[{"embeddable":true,"href":"https:\/\/rafoldesalem.es\/es\/wp-json\/wp\/v2\/users\/50"}],"replies":[{"embeddable":true,"href":"https:\/\/rafoldesalem.es\/es\/wp-json\/wp\/v2\/comments?post=5326"}],"version-history":[{"count":1,"href":"https:\/\/rafoldesalem.es\/es\/wp-json\/wp\/v2\/posts\/5326\/revisions"}],"predecessor-version":[{"id":5327,"href":"https:\/\/rafoldesalem.es\/es\/wp-json\/wp\/v2\/posts\/5326\/revisions\/5327"}],"wp:featuredmedia":[{"embeddable":true,"href":"https:\/\/rafoldesalem.es\/es\/wp-json\/wp\/v2\/media\/5279"}],"wp:attachment":[{"href":"https:\/\/rafoldesalem.es\/es\/wp-json\/wp\/v2\/media?parent=5326"}],"wp:term":[{"taxonomy":"category","embeddable":true,"href":"https:\/\/rafoldesalem.es\/es\/wp-json\/wp\/v2\/categories?post=5326"},{"taxonomy":"post_tag","embeddable":true,"href":"https:\/\/rafoldesalem.es\/es\/wp-json\/wp\/v2\/tags?post=5326"}],"curies":[{"name":"wp","href":"https:\/\/api.w.org\/{rel}","templated":true}]}}